{"id":90206,"date":"2018-01-23T14:27:09","date_gmt":"2018-01-23T16:27:09","guid":{"rendered":"http:\/\/diarioregionaljf.com.br\/2018\/01\/23\/policia-civil-realiza-reconstituicao-do-assassinato-de-advogado-em-juiz-de-fora\/"},"modified":"2018-01-23T14:27:09","modified_gmt":"2018-01-23T16:27:09","slug":"policia-civil-realiza-reconstituicao-do-assassinato-de-advogado-em-juiz-de-fora","status":"publish","type":"post","link":"https:\/\/diarioregionaldigital.com.br\/?p=90206","title":{"rendered":"Pol\u00edcia Civil realiza reconstitui\u00e7\u00e3o do assassinato de advogado em Juiz de Fora"},"content":{"rendered":"<p>ATUALIZADA \u00c0S 15H22, EM 23\/01\/2018<\/p>\n<p>Nesta ter\u00e7a-feira, 23, a Pol\u00edcia Civil de Minas Gerais (PCMG) realiza, em Juiz de Fora, a reconstitui\u00e7\u00e3o do crime ocorrido em uma resid\u00eancia no bairro Parque das Torres, zona Norte da cidade, onde um advogado de 75 anos teria sido assassinado com golpes de tijolo, pedra e machado. O corpo da v\u00edtima foi jogado no Rio Paraibuna.<\/p>\n<p>Os dois suspeitos, de 20 e 21 anos, participam da reprodu\u00e7\u00e3o simulada dos fatos. Eles j\u00e1 se encontram na unidade prisional em virtude de cumprimento de mandado de pris\u00e3o expedido pela Justi\u00e7a.<\/p>\n<p>Segundo o Delegado respons\u00e1vel pelas apura\u00e7\u00f5es, Luciano Vidal, a reconstitui\u00e7\u00e3o tem como finalidade esclarecer a mec\u00e2nica do crime e alguns pontos que estariam divergentes. Ainda conforme Vidal, durante a reconstitui\u00e7\u00e3o foram localizadas, nos fundos da casa, uma pedra que teria sido utilizada na execu\u00e7\u00e3o e uma pr\u00f3tese dent\u00e1ria que seria da v\u00edtima.<\/p>\n<p>&nbsp;<\/p>\n<h4>INVESTIGA\u00c7\u00d5ES<\/h4>\n<p>No dia 9 de janeiro, familiares procuraram as 1\u00aa e 2\u00aa Delegacias, no bairro S\u00e3o Mateus, para informar sobre o desaparecimento do advogado. Ele n\u00e3o teria retornado para casa desde o dia 2 do mesmo m\u00eas. \u201cCome\u00e7amos a investigar o desaparecimento e conseguimos a informa\u00e7\u00e3o de que ele teria sido executado na resid\u00eancia\u201d, informou o delegado Luciano Vidal, complementando que equipes das referidas delegacias e da Delegacia Especializada de Homic\u00eddios (DEH) foram at\u00e9 a resid\u00eancia, na \u00faltima quarta-feira, 17, e encontraram um dos suspeitos, de 21 anos. O jovem confessou o crime, relatando que o outro investigado teria matado o advogado e que ele teria ajudado a carregar e jogar o corpo da v\u00edtima no Rio Paraibuna.<\/p>\n<p>O suspeito relatou que o crime teria acontecido por conta de uma d\u00edvida de R$300, referente a honor\u00e1rios. Na ocasi\u00e3o, o Corpo de Bombeiros foi acionado para fazer buscas pelo corpo. O mandado em desfavor do outro suspeito, de 20 anos, foi cumprido no dia seguinte, na quinta-feira, 18, quando, durante depoimento, o jovem tamb\u00e9m confessou o crime e disse que primeiro teria desferido golpes de tijolo e pedra e, depois, de machado. Em seguida, eles teriam jogado o corpo no rio. Na mesma data, ap\u00f3s dilig\u00eancias, a Pol\u00edcia Civil conseguiu recuperar o celular da v\u00edtima, localizado na zona Norte. O aparelho teria sido vendido pelos suspeitos para outra pessoa.<\/p>\n<p>O Delegado tamb\u00e9m explicou que o corpo do advogado ainda n\u00e3o foi localizado, no entanto, quando n\u00e3o se encontra o corpo, deve-se provar a materialidade de forma indireta. \u201cA Pol\u00edcia Civil j\u00e1 tem o sapato da v\u00edtima encontrado na beira do Rio Paraibuna, atr\u00e1s da casa do suspeito, e o celular da v\u00edtima tamb\u00e9m foi recuperado\u201d, disse, complementando que a pessoa que estava com o aparelho foi ouvida na \u00faltima segunda-feira, 22, e contou que o suspeito de 20 anos teria vendido o aparelho da v\u00edtima por R$200. Ela afirmou, ainda, que o investigado lhe disse que realmente tinha matado o advogado e jogado o corpo no rio. A \u00faltima liga\u00e7\u00e3o feita pela v\u00edtima foi realizada no dia 2 de janeiro, aproximadamente \u00e0s 20h25, para o telefone desse investigado.<\/p>\n<p>Ainda conforme o delegado, a esposa da v\u00edtima tamb\u00e9m esteve na Delegacia e reconheceu o sapato e o telefone como sendo do advogado. As roupas de um dos autores que foram queimadas &#8211; pois estariam sujas de sangue &#8211; tamb\u00e9m foram localizadas no lote ao lado da resid\u00eancia.<\/p>\n<p>As investiga\u00e7\u00f5es prosseguem.<\/p>\n<p>&nbsp;<\/p>\n<p>Fonte: Assessoria \/ Pol\u00edcia Civil<\/p>\n","protected":false},"excerpt":{"rendered":"<p>ATUALIZADA \u00c0S 15H22, EM 23\/01\/2018 Nesta ter\u00e7a-feira, 23, a Pol\u00edcia Civil de Minas Gerais (PCMG) realiza, em Juiz de Fora, a reconstitui\u00e7\u00e3o do crime ocorrido em uma resid\u00eancia no bairro Parque das Torres, zona Norte da cidade, onde um advogado de 75 anos teria sido assassinado com golpes de tijolo, pedra e machado. O corpo [&hellip;]<\/p>\n","protected":false},"author":96,"featured_media":90205,"comment_status":"closed","ping_status":"closed","sticky":false,"template":"","format":"standard","meta":{"footnotes":""},"categories":[253],"tags":[],"class_list":["post-90206","post","type-post","status-publish","format-standard","has-post-thumbnail","hentry","category-cidade"],"_links":{"self":[{"href":"https:\/\/diarioregionaldigital.com.br\/index.php?rest_route=\/wp\/v2\/posts\/90206","targetHints":{"allow":["GET"]}}],"collection":[{"href":"https:\/\/diarioregionaldigital.com.br\/index.php?rest_route=\/wp\/v2\/posts"}],"about":[{"href":"https:\/\/diarioregionaldigital.com.br\/index.php?rest_route=\/wp\/v2\/types\/post"}],"author":[{"embeddable":true,"href":"https:\/\/diarioregionaldigital.com.br\/index.php?rest_route=\/wp\/v2\/users\/96"}],"replies":[{"embeddable":true,"href":"https:\/\/diarioregionaldigital.com.br\/index.php?rest_route=%2Fwp%2Fv2%2Fcomments&post=90206"}],"version-history":[{"count":0,"href":"https:\/\/diarioregionaldigital.com.br\/index.php?rest_route=\/wp\/v2\/posts\/90206\/revisions"}],"wp:featuredmedia":[{"embeddable":true,"href":"https:\/\/diarioregionaldigital.com.br\/index.php?rest_route=\/wp\/v2\/media\/90205"}],"wp:attachment":[{"href":"https:\/\/diarioregionaldigital.com.br\/index.php?rest_route=%2Fwp%2Fv2%2Fmedia&parent=90206"}],"wp:term":[{"taxonomy":"category","embeddable":true,"href":"https:\/\/diarioregionaldigital.com.br\/index.php?rest_route=%2Fwp%2Fv2%2Fcategories&post=90206"},{"taxonomy":"post_tag","embeddable":true,"href":"https:\/\/diarioregionaldigital.com.br\/index.php?rest_route=%2Fwp%2Fv2%2Ftags&post=90206"}],"curies":[{"name":"wp","href":"https:\/\/api.w.org\/{rel}","templated":true}]}}