{"id":90204,"date":"2018-01-23T14:11:26","date_gmt":"2018-01-23T16:11:26","guid":{"rendered":"http:\/\/diarioregionaljf.com.br\/2018\/01\/23\/associacao-municipal-de-apoio-comunitario-amac\/"},"modified":"2018-08-13T20:35:00","modified_gmt":"2018-08-13T23:35:00","slug":"associacao-municipal-de-apoio-comunitario-amac","status":"publish","type":"post","link":"https:\/\/diarioregionaldigital.com.br\/?p=90204","title":{"rendered":"Associa\u00e7\u00e3o Municipal de Apoio Comunit\u00e1rio &#8211; AMAC"},"content":{"rendered":"<p><span style=\"text-decoration: underline;\"><span style=\"font-size: 18pt;\">EDITAL DE CONVOCA\u00c7\u00c3O<\/span><\/span><\/p>\n<p><span style=\"text-decoration: underline;\"><span style=\"font-size: 18pt;\">ASSEMBL\u00c9IA GERAL EXTRAORDIN\u00c1RIA<\/span><\/span><\/p>\n<p>Pelo presente, ficam convocados os senhores s\u00f3cios da Associa\u00e7\u00e3o Municipal de Apoio Comunit\u00e1rio &#8211; AMAC, que preenchem os requisitos expressos no art. 12 do Estatuto da Associa\u00e7\u00e3o que reza: \u201cart. 12 \u2013 somente poder\u00e3o votar e serem votados nas assembleias os associados contribuintes que estiverem quites com suas contribui\u00e7\u00f5es, 30 (trinta) dias de anteced\u00eancia da assembleia e por per\u00edodo consecutivo de no m\u00ednimo 180 (cento e oitenta) dias\u201d, em acatamento aos arts. 24, al\u00ednea \u201cb\u201d 25, 28, 29 e 33 do Estatuto, para a Assembleia Geral Extraordin\u00e1ria, a ser realizada no audit\u00f3rio do Centro de Conviv\u00eancia do Idoso D. It\u00e1lia Franco, localizado na Rua Esp\u00edrito Santo, 434, Centro, nesta cidade, no dia 02 de fevereiro de 2018, \u00e0s 8h. (oito horas) em primeira convoca\u00e7\u00e3o, que deliberar\u00e1 com a presen\u00e7a de 2\/3 (dois ter\u00e7os) de seus membros, ou \u00e0s 8h30min. (oito horas e trinta minutos) em segunda e \u00faltima convoca\u00e7\u00e3o com qualquer n\u00famero de associados. A rela\u00e7\u00e3o dos s\u00f3cios aptos a votar ser\u00e1 disponibilizada na sede e no site da AMAC.<\/p>\n<p>A Assembleia deliberar\u00e1 sobre a seguinte Ordem do Dia:<\/p>\n<p>1) Aprova\u00e7\u00e3o dos procedimentos para Elei\u00e7\u00e3o da Diretoria e do Conselho Fiscal, mandato 01\/03\/2018 a 01\/03\/2022;<\/p>\n<p>2) Aprova\u00e7\u00e3o da nomea\u00e7\u00e3o de Comiss\u00e3o Julgadora do Processo Eleitoral, formada por um representante de cada Departamento da AMAC, bem como de um representante da Consultoria Jur\u00eddica.<\/p>\n<p>Juiz de Fora, 23 de janeiro de 2018.<\/p>\n<p>Eliane Keil Del Paula<br \/>Superintendente da AMAC<\/p>\n","protected":false},"excerpt":{"rendered":"<p>EDITAL DE CONVOCA\u00c7\u00c3O ASSEMBL\u00c9IA GERAL EXTRAORDIN\u00c1RIA Pelo presente, ficam convocados os senhores s\u00f3cios da Associa\u00e7\u00e3o Municipal de Apoio Comunit\u00e1rio &#8211; AMAC, que preenchem os requisitos expressos no art. 12 do Estatuto da Associa\u00e7\u00e3o que reza: \u201cart. 12 \u2013 somente poder\u00e3o votar e serem votados nas assembleias os associados contribuintes que estiverem quites com suas contribui\u00e7\u00f5es, [&hellip;]<\/p>\n","protected":false},"author":96,"featured_media":0,"comment_status":"closed","ping_status":"closed","sticky":false,"template":"","format":"standard","meta":{"footnotes":""},"categories":[307],"tags":[],"class_list":["post-90204","post","type-post","status-publish","format-standard","hentry","category-editais"],"_links":{"self":[{"href":"https:\/\/diarioregionaldigital.com.br\/index.php?rest_route=\/wp\/v2\/posts\/90204","targetHints":{"allow":["GET"]}}],"collection":[{"href":"https:\/\/diarioregionaldigital.com.br\/index.php?rest_route=\/wp\/v2\/posts"}],"about":[{"href":"https:\/\/diarioregionaldigital.com.br\/index.php?rest_route=\/wp\/v2\/types\/post"}],"author":[{"embeddable":true,"href":"https:\/\/diarioregionaldigital.com.br\/index.php?rest_route=\/wp\/v2\/users\/96"}],"replies":[{"embeddable":true,"href":"https:\/\/diarioregionaldigital.com.br\/index.php?rest_route=%2Fwp%2Fv2%2Fcomments&post=90204"}],"version-history":[{"count":0,"href":"https:\/\/diarioregionaldigital.com.br\/index.php?rest_route=\/wp\/v2\/posts\/90204\/revisions"}],"wp:attachment":[{"href":"https:\/\/diarioregionaldigital.com.br\/index.php?rest_route=%2Fwp%2Fv2%2Fmedia&parent=90204"}],"wp:term":[{"taxonomy":"category","embeddable":true,"href":"https:\/\/diarioregionaldigital.com.br\/index.php?rest_route=%2Fwp%2Fv2%2Fcategories&post=90204"},{"taxonomy":"post_tag","embeddable":true,"href":"https:\/\/diarioregionaldigital.com.br\/index.php?rest_route=%2Fwp%2Fv2%2Ftags&post=90204"}],"curies":[{"name":"wp","href":"https:\/\/api.w.org\/{rel}","templated":true}]}}