{"id":90203,"date":"2018-01-23T12:40:43","date_gmt":"2018-01-23T14:40:43","guid":{"rendered":"http:\/\/diarioregionaljf.com.br\/2018\/01\/23\/secretaria-de-educacao-divulga-listagem-de-vagas-para-creches-2018\/"},"modified":"2018-01-23T12:40:43","modified_gmt":"2018-01-23T14:40:43","slug":"secretaria-de-educacao-divulga-listagem-de-vagas-para-creches-2018","status":"publish","type":"post","link":"https:\/\/diarioregionaldigital.com.br\/?p=90203","title":{"rendered":"Secretaria de Educa\u00e7\u00e3o divulga listagem de vagas para creches 2018"},"content":{"rendered":"<p>A Secretaria de Educa\u00e7\u00e3o (SE) da Prefeitura de Juiz de Fora (PJF) divulgou, nesta segunda-feira, 22, a listagem de vagas para creches da rede p\u00fablica de Juiz de Fora e institui\u00e7\u00f5es de educa\u00e7\u00e3o infantil conveniadas, para este ano.<\/p>\n<p>Para conferir a lista, clique no<a href=\"https:\/\/www.pjf.mg.gov.br\/secretarias\/se\/creches\/conveniadas\/index.php\"> link<\/a>.<\/p>\n","protected":false},"excerpt":{"rendered":"<p>A Secretaria de Educa\u00e7\u00e3o (SE) da Prefeitura de Juiz de Fora (PJF) divulgou, nesta segunda-feira, 22, a listagem de vagas para creches da rede p\u00fablica de Juiz de Fora e institui\u00e7\u00f5es de educa\u00e7\u00e3o infantil conveniadas, para este ano. Para conferir a lista, clique no link.<\/p>\n","protected":false},"author":96,"featured_media":90202,"comment_status":"closed","ping_status":"closed","sticky":false,"template":"","format":"standard","meta":{"footnotes":""},"categories":[253],"tags":[],"class_list":["post-90203","post","type-post","status-publish","format-standard","has-post-thumbnail","hentry","category-cidade"],"_links":{"self":[{"href":"https:\/\/diarioregionaldigital.com.br\/index.php?rest_route=\/wp\/v2\/posts\/90203","targetHints":{"allow":["GET"]}}],"collection":[{"href":"https:\/\/diarioregionaldigital.com.br\/index.php?rest_route=\/wp\/v2\/posts"}],"about":[{"href":"https:\/\/diarioregionaldigital.com.br\/index.php?rest_route=\/wp\/v2\/types\/post"}],"author":[{"embeddable":true,"href":"https:\/\/diarioregionaldigital.com.br\/index.php?rest_route=\/wp\/v2\/users\/96"}],"replies":[{"embeddable":true,"href":"https:\/\/diarioregionaldigital.com.br\/index.php?rest_route=%2Fwp%2Fv2%2Fcomments&post=90203"}],"version-history":[{"count":0,"href":"https:\/\/diarioregionaldigital.com.br\/index.php?rest_route=\/wp\/v2\/posts\/90203\/revisions"}],"wp:featuredmedia":[{"embeddable":true,"href":"https:\/\/diarioregionaldigital.com.br\/index.php?rest_route=\/wp\/v2\/media\/90202"}],"wp:attachment":[{"href":"https:\/\/diarioregionaldigital.com.br\/index.php?rest_route=%2Fwp%2Fv2%2Fmedia&parent=90203"}],"wp:term":[{"taxonomy":"category","embeddable":true,"href":"https:\/\/diarioregionaldigital.com.br\/index.php?rest_route=%2Fwp%2Fv2%2Fcategories&post=90203"},{"taxonomy":"post_tag","embeddable":true,"href":"https:\/\/diarioregionaldigital.com.br\/index.php?rest_route=%2Fwp%2Fv2%2Ftags&post=90203"}],"curies":[{"name":"wp","href":"https:\/\/api.w.org\/{rel}","templated":true}]}}