{"id":90201,"date":"2018-01-23T12:27:01","date_gmt":"2018-01-23T14:27:01","guid":{"rendered":"http:\/\/diarioregionaljf.com.br\/2018\/01\/23\/jovem-e-agredido-e-assaltado-no-centro-da-cidade\/"},"modified":"2018-01-23T12:27:01","modified_gmt":"2018-01-23T14:27:01","slug":"jovem-e-agredido-e-assaltado-no-centro-da-cidade","status":"publish","type":"post","link":"https:\/\/diarioregionaldigital.com.br\/?p=90201","title":{"rendered":"Jovem \u00e9 agredido e assaltado no centro da cidade"},"content":{"rendered":"<p>Um jovem de 20 anos foi agredido e assaltado na madrugada desta segunda-feira, 22, na regi\u00e3o central de Juiz de Fora.<\/p>\n<p>Segundo informa\u00e7\u00f5es da Pol\u00edcia Militar (PM), o jovem relatou que transitava pela Rua Benjamin Constant, por volta das 3h, quando foi abordado por um indiv\u00edduo que anunciou o assalto.<\/p>\n<p>O autor agrediu a v\u00edtima, roubou seu celular, cart\u00f5es e ap\u00f3s a a\u00e7\u00e3o fugiu.<\/p>\n<p>O jovem ficou atordoado com as agress\u00f5es e seguiu diretamente para casa. Ele teve um dente quebrado e relatou fortes dores na cabe\u00e7a.<\/p>\n<p>O registro da ocorr\u00eancia foi feito horas depois o crime.<\/p>\n<p>Nenhum suspeito do crime foi identificado.<\/p>\n","protected":false},"excerpt":{"rendered":"<p>Um jovem de 20 anos foi agredido e assaltado na madrugada desta segunda-feira, 22, na regi\u00e3o central de Juiz de Fora. Segundo informa\u00e7\u00f5es da Pol\u00edcia Militar (PM), o jovem relatou que transitava pela Rua Benjamin Constant, por volta das 3h, quando foi abordado por um indiv\u00edduo que anunciou o assalto. O autor agrediu a v\u00edtima, [&hellip;]<\/p>\n","protected":false},"author":96,"featured_media":90200,"comment_status":"closed","ping_status":"closed","sticky":false,"template":"","format":"standard","meta":{"footnotes":""},"categories":[301],"tags":[],"class_list":["post-90201","post","type-post","status-publish","format-standard","has-post-thumbnail","hentry","category-artigos-policiais"],"_links":{"self":[{"href":"https:\/\/diarioregionaldigital.com.br\/index.php?rest_route=\/wp\/v2\/posts\/90201","targetHints":{"allow":["GET"]}}],"collection":[{"href":"https:\/\/diarioregionaldigital.com.br\/index.php?rest_route=\/wp\/v2\/posts"}],"about":[{"href":"https:\/\/diarioregionaldigital.com.br\/index.php?rest_route=\/wp\/v2\/types\/post"}],"author":[{"embeddable":true,"href":"https:\/\/diarioregionaldigital.com.br\/index.php?rest_route=\/wp\/v2\/users\/96"}],"replies":[{"embeddable":true,"href":"https:\/\/diarioregionaldigital.com.br\/index.php?rest_route=%2Fwp%2Fv2%2Fcomments&post=90201"}],"version-history":[{"count":0,"href":"https:\/\/diarioregionaldigital.com.br\/index.php?rest_route=\/wp\/v2\/posts\/90201\/revisions"}],"wp:featuredmedia":[{"embeddable":true,"href":"https:\/\/diarioregionaldigital.com.br\/index.php?rest_route=\/wp\/v2\/media\/90200"}],"wp:attachment":[{"href":"https:\/\/diarioregionaldigital.com.br\/index.php?rest_route=%2Fwp%2Fv2%2Fmedia&parent=90201"}],"wp:term":[{"taxonomy":"category","embeddable":true,"href":"https:\/\/diarioregionaldigital.com.br\/index.php?rest_route=%2Fwp%2Fv2%2Fcategories&post=90201"},{"taxonomy":"post_tag","embeddable":true,"href":"https:\/\/diarioregionaldigital.com.br\/index.php?rest_route=%2Fwp%2Fv2%2Ftags&post=90201"}],"curies":[{"name":"wp","href":"https:\/\/api.w.org\/{rel}","templated":true}]}}