{"id":90199,"date":"2018-01-23T11:37:31","date_gmt":"2018-01-23T13:37:31","guid":{"rendered":"http:\/\/diarioregionaljf.com.br\/2018\/01\/23\/assaltantes-arrombam-cofre-e-roubam-r-4-000-de-loja-no-poco-rico\/"},"modified":"2018-01-23T11:37:31","modified_gmt":"2018-01-23T13:37:31","slug":"assaltantes-arrombam-cofre-e-roubam-r-4-000-de-loja-no-poco-rico","status":"publish","type":"post","link":"https:\/\/diarioregionaldigital.com.br\/?p=90199","title":{"rendered":"Assaltantes arrombam cofre e roubam R$4.000 de loja no Po\u00e7o Rico"},"content":{"rendered":"<p>A Pol\u00edcia Militar (PM) registrou no in\u00edcio da manh\u00e3 desta segunda-feira, 22, um furto a estabelecimento comercial localizado no bairro Po\u00e7o Rico, zona Sudeste da cidade.<\/p>\n<p>De acordo com o registro da ocorr\u00eancia, o propriet\u00e1rio da loja, de 28 anos, relatou que ao chegar ao local para iniciar um novo expediente, se deparou com m\u00f3veis do escrit\u00f3rio danificados, al\u00e9m de diversos documentos e objetos ca\u00eddos no ch\u00e3o.<\/p>\n<p>Segundo a v\u00edtima, ap\u00f3s averiguar o espa\u00e7o, constatou que o cofre do estabelecimento teve sua porta danificada e retirada, sendo furtada do interior do mesmo, a quantia de R$4.000 em moeda corrente. Algumas ferramentas e a parte de um micro computador tamb\u00e9m foram levadas.<\/p>\n<p>Nenhum suspeito foi identificado at\u00e9 o momento.<\/p>\n","protected":false},"excerpt":{"rendered":"<p>A Pol\u00edcia Militar (PM) registrou no in\u00edcio da manh\u00e3 desta segunda-feira, 22, um furto a estabelecimento comercial localizado no bairro Po\u00e7o Rico, zona Sudeste da cidade. De acordo com o registro da ocorr\u00eancia, o propriet\u00e1rio da loja, de 28 anos, relatou que ao chegar ao local para iniciar um novo expediente, se deparou com m\u00f3veis [&hellip;]<\/p>\n","protected":false},"author":96,"featured_media":90198,"comment_status":"closed","ping_status":"closed","sticky":false,"template":"","format":"standard","meta":{"footnotes":""},"categories":[301],"tags":[],"class_list":["post-90199","post","type-post","status-publish","format-standard","has-post-thumbnail","hentry","category-artigos-policiais"],"_links":{"self":[{"href":"https:\/\/diarioregionaldigital.com.br\/index.php?rest_route=\/wp\/v2\/posts\/90199","targetHints":{"allow":["GET"]}}],"collection":[{"href":"https:\/\/diarioregionaldigital.com.br\/index.php?rest_route=\/wp\/v2\/posts"}],"about":[{"href":"https:\/\/diarioregionaldigital.com.br\/index.php?rest_route=\/wp\/v2\/types\/post"}],"author":[{"embeddable":true,"href":"https:\/\/diarioregionaldigital.com.br\/index.php?rest_route=\/wp\/v2\/users\/96"}],"replies":[{"embeddable":true,"href":"https:\/\/diarioregionaldigital.com.br\/index.php?rest_route=%2Fwp%2Fv2%2Fcomments&post=90199"}],"version-history":[{"count":0,"href":"https:\/\/diarioregionaldigital.com.br\/index.php?rest_route=\/wp\/v2\/posts\/90199\/revisions"}],"wp:featuredmedia":[{"embeddable":true,"href":"https:\/\/diarioregionaldigital.com.br\/index.php?rest_route=\/wp\/v2\/media\/90198"}],"wp:attachment":[{"href":"https:\/\/diarioregionaldigital.com.br\/index.php?rest_route=%2Fwp%2Fv2%2Fmedia&parent=90199"}],"wp:term":[{"taxonomy":"category","embeddable":true,"href":"https:\/\/diarioregionaldigital.com.br\/index.php?rest_route=%2Fwp%2Fv2%2Fcategories&post=90199"},{"taxonomy":"post_tag","embeddable":true,"href":"https:\/\/diarioregionaldigital.com.br\/index.php?rest_route=%2Fwp%2Fv2%2Ftags&post=90199"}],"curies":[{"name":"wp","href":"https:\/\/api.w.org\/{rel}","templated":true}]}}