{"id":90197,"date":"2018-01-23T11:04:29","date_gmt":"2018-01-23T13:04:29","guid":{"rendered":"http:\/\/diarioregionaljf.com.br\/2018\/01\/23\/chuva-e-ventos-destelham-quadra-de-escola-de-samba-no-barbosa-lage\/"},"modified":"2018-01-23T11:04:29","modified_gmt":"2018-01-23T13:04:29","slug":"chuva-e-ventos-destelham-quadra-de-escola-de-samba-no-barbosa-lage","status":"publish","type":"post","link":"https:\/\/diarioregionaldigital.com.br\/?p=90197","title":{"rendered":"Chuva e ventos destelham quadra de escola de samba no Barbosa Lage"},"content":{"rendered":"<p>O Corpo de Bombeiros atendeu na noite desta segunda-feira, 22, a uma ocorr\u00eancia de destelhamento no bairro Barbosa Lage, zona Norte. O espa\u00e7o em quest\u00e3o se trata da Escola de Samba Feliz Lembran\u00e7a.<\/p>\n<p>De acordo com o militares, a forte chuva, com rajadas de ventos, que caiu no in\u00edcio da noite desta segunda na zona norte, destelhou e derrubou quase a totalidade do telhado da escola de samba.<\/p>\n<p>Al\u00e9m dos Bombeiros, a Pol\u00edcia Militar, a Defesa Civil e a Cemig tamb\u00e9m compareceram ao local. As telhas que ca\u00edram atingiram a rede el\u00e9trica causando queda de energia nas proximidades.<\/p>\n<p>A \u00e1rea foi isolada e n\u00e3o houve nenhuma v\u00edtima.<\/p>\n<p><img loading=\"lazy\" decoding=\"async\" class=\" size-full wp-image-90196\" src=\"http:\/\/diarioregionaljf.com.br\/wp-content\/uploads\/2018\/01\/diario-int-23390-1.jpeg\" alt=\"WhatsApp Image 2018 01 23 at 07.03.27\" width=\"480\" height=\"270\" srcset=\"https:\/\/diarioregionaldigital.com.br\/wp-content\/uploads\/2018\/01\/diario-int-23390-1.jpeg 1040w, https:\/\/diarioregionaldigital.com.br\/wp-content\/uploads\/2018\/01\/diario-int-23390-1-300x169.jpeg 300w, https:\/\/diarioregionaldigital.com.br\/wp-content\/uploads\/2018\/01\/diario-int-23390-1-768x432.jpeg 768w, https:\/\/diarioregionaldigital.com.br\/wp-content\/uploads\/2018\/01\/diario-int-23390-1-1024x576.jpeg 1024w, https:\/\/diarioregionaldigital.com.br\/wp-content\/uploads\/2018\/01\/diario-int-23390-1-360x203.jpeg 360w\" sizes=\"auto, (max-width: 480px) 100vw, 480px\" \/><\/p>\n<p>Foto: Corpo de Bombeiros<\/p>\n","protected":false},"excerpt":{"rendered":"<p>O Corpo de Bombeiros atendeu na noite desta segunda-feira, 22, a uma ocorr\u00eancia de destelhamento no bairro Barbosa Lage, zona Norte. O espa\u00e7o em quest\u00e3o se trata da Escola de Samba Feliz Lembran\u00e7a. De acordo com o militares, a forte chuva, com rajadas de ventos, que caiu no in\u00edcio da noite desta segunda na zona [&hellip;]<\/p>\n","protected":false},"author":96,"featured_media":90195,"comment_status":"closed","ping_status":"closed","sticky":false,"template":"","format":"standard","meta":{"footnotes":""},"categories":[253],"tags":[],"class_list":["post-90197","post","type-post","status-publish","format-standard","has-post-thumbnail","hentry","category-cidade"],"_links":{"self":[{"href":"https:\/\/diarioregionaldigital.com.br\/index.php?rest_route=\/wp\/v2\/posts\/90197","targetHints":{"allow":["GET"]}}],"collection":[{"href":"https:\/\/diarioregionaldigital.com.br\/index.php?rest_route=\/wp\/v2\/posts"}],"about":[{"href":"https:\/\/diarioregionaldigital.com.br\/index.php?rest_route=\/wp\/v2\/types\/post"}],"author":[{"embeddable":true,"href":"https:\/\/diarioregionaldigital.com.br\/index.php?rest_route=\/wp\/v2\/users\/96"}],"replies":[{"embeddable":true,"href":"https:\/\/diarioregionaldigital.com.br\/index.php?rest_route=%2Fwp%2Fv2%2Fcomments&post=90197"}],"version-history":[{"count":0,"href":"https:\/\/diarioregionaldigital.com.br\/index.php?rest_route=\/wp\/v2\/posts\/90197\/revisions"}],"wp:featuredmedia":[{"embeddable":true,"href":"https:\/\/diarioregionaldigital.com.br\/index.php?rest_route=\/wp\/v2\/media\/90195"}],"wp:attachment":[{"href":"https:\/\/diarioregionaldigital.com.br\/index.php?rest_route=%2Fwp%2Fv2%2Fmedia&parent=90197"}],"wp:term":[{"taxonomy":"category","embeddable":true,"href":"https:\/\/diarioregionaldigital.com.br\/index.php?rest_route=%2Fwp%2Fv2%2Fcategories&post=90197"},{"taxonomy":"post_tag","embeddable":true,"href":"https:\/\/diarioregionaldigital.com.br\/index.php?rest_route=%2Fwp%2Fv2%2Ftags&post=90197"}],"curies":[{"name":"wp","href":"https:\/\/api.w.org\/{rel}","templated":true}]}}