{"id":90194,"date":"2018-01-22T22:18:29","date_gmt":"2018-01-23T00:18:29","guid":{"rendered":"http:\/\/diarioregionaljf.com.br\/2018\/01\/22\/especialistas-reforcam-a-importancia-de-lutar-contra-o-assedio\/"},"modified":"2018-01-22T22:18:29","modified_gmt":"2018-01-23T00:18:29","slug":"especialistas-reforcam-a-importancia-de-lutar-contra-o-assedio","status":"publish","type":"post","link":"https:\/\/diarioregionaldigital.com.br\/?p=90194","title":{"rendered":"Especialistas refor\u00e7am a import\u00e2ncia de lutar contra o ass\u00e9dio"},"content":{"rendered":"<p>Todos os dias, milhares de mulheres s\u00e3o v\u00edtimas de algum tipo de viol\u00eancia, seja ela dentro de casa, ao sair para o trabalho, dentro do transporte coletivo e em v\u00e1rios outros lugares. Apesar dos casos estarem cada vez mais em evid\u00eancia, uma grande parcela das pessoas ainda n\u00e3o conhece o que a legisla\u00e7\u00e3o estabelece e como pode se defender do agressor. Para isso, a vice-presidente da Ordem dos Advogados do Brasil Subse\u00e7\u00e3o Juiz de Fora (OAB\/JF), Isabela Gusman Ribeiro do Vale, explica os tipos de ass\u00e9dio e as formas de enfrent\u00e1-los.<\/p>\n<p>ASS\u00c9DIO SEXUAL<\/p>\n<p>O que caracteriza este crime? \u201cOcorre quando uma pessoa tenta constranger outra para obter favorecimento sexual, se valendo de uma condi\u00e7\u00e3o superior hier\u00e1rquica. Isso \u00e9 um crime que est\u00e1 previsto no C\u00f3digo Penal\u201d, explica.<\/p>\n<p>ASS\u00c9DIO MORAL<\/p>\n<p>Costuma ser praticado por pessoas conhecidas da v\u00edtima, como o chefe no local de trabalho. \u201cPode acontecer tanto com homens quanto com mulher. O empregador, tamb\u00e9m se aproveitando da sua posi\u00e7\u00e3o hier\u00e1rquica, submete a outra pessoa a uma condi\u00e7\u00e3o humilhante e constrangedora, com a finalidade de minimizar a condi\u00e7\u00e3o dele no ambiente de trabalho\u201d, refor\u00e7a Isabela.<\/p>\n<p>ASS\u00c9DIO VIRTUAL?<\/p>\n<p>\u201cS\u00e3o situa\u00e7\u00f5es que ocorrem atrav\u00e9s dos dispositivos eletr\u00f4nicos, como celular, computador e outros, no ambiente virtual, em que os agressores enviam mensagens de textos ou imagens com conte\u00fado que tem a finalidade de constranger ou denegrir algu\u00e9m. Apesar de todos os g\u00eaneros serem submetidos a isso, ocorre em maior grau com as mulheres\u201d, explica a advogada.<\/p>\n<p>Embora se utilize o termo ass\u00e9dio, Isabela refor\u00e7a que, na verdade, as a\u00e7\u00f5es n\u00e3o se enquadram nesse tipo de crime. \u201cToda vez que se pensa em ass\u00e9dio, \u00e9 preciso compreender que ele se pressup\u00f5e a uma quest\u00e3o hier\u00e1rquica. Quando a pessoa \u00e9 importunada virtualmente, com a finalidade sexual, isso, em princ\u00edpio, n\u00e3o se caracteriza assedio. Se tenho a imagem usada de forma indevida ou sou incomodado de alguma forma, pode se enquadrar em outro tipo de crime. Pode ser uma amea\u00e7a, um crime contra honra, inj\u00faria\u201d, afirma.<\/p>\n<p>COMO AGIR DENTRO E FORA DO AMBIENTE VIRTUAL?<\/p>\n<p>\u201c\u00c9 preciso que a mulher tente armazenar o maior n\u00famero de dados poss\u00edveis. Printar as telas, guardar o conte\u00fado das conversas, identificar e descrever as caracter\u00edsticas do agressor e procurar um advogado para que se possa identificar qual crime foi praticado. Essas informa\u00e7\u00f5es tamb\u00e9m s\u00e3o v\u00e1lidas para os ass\u00e9dios sofridos nas ruas, em casa, ou em qualquer outro lugar. O importante \u00e9 que as pessoas n\u00e3o se sintam intimidadas, que n\u00e3o fiquem caladas diante dessas condutas. \u00c9 a partir da den\u00fancia que os infratores s\u00e3o penalizados e isso acaba encorajando outras mulheres\u201d, ressalta Isabela.<\/p>\n<p>CONSEQU\u00caNCIAS DO ASS\u00c9DIO<\/p>\n<p>De acordo com a psic\u00f3loga Elisangela Pereira, o ass\u00e9dio pode causar reflexos na sa\u00fade f\u00edsica e emocional das mulheres. \u201cAlgumas pessoas, depois que passam pelo trauma, conseguem lidar melhor com esse tipo de problema. Outras carregam o trauma para o resto da vida. L\u00f3gico que vai depender do perfil e da resili\u00eancia de cada uma\u201d, afirma. \u201c\u00c9 importante que ela consiga trabalhar, desenvolva autoestima, amor pr\u00f3prio, e que troque experi\u00eancias com outras mulheres que j\u00e1 passaram pelo problema. Se for poss\u00edvel, que ela receba orienta\u00e7\u00e3o psicol\u00f3gica para que possa voltar a ter confian\u00e7a e entender que pode participar do mundo corporativo, lutando contra o ass\u00e9dio\u201d, refor\u00e7a.<\/p>\n<p>MULHERES EST\u00c3O MAIS CORAJOSAS<\/p>\n<p>N\u00fameros levantados pela Casa da Mulher mostram que as den\u00fancias realmente t\u00eam encorajado as mulheres. A institui\u00e7\u00e3o j\u00e1 registra 11.139 atendimentos desde a sua abertura em 2013, estat\u00edstica que vem aumentando ao longo dos anos. O crescimento nos atendimentos est\u00e1 relacionado aos crimes de agress\u00e3o f\u00edsica, psicol\u00f3gica, moral, patrimonial e sexual. \u201cA mulher est\u00e1 mais consciente. Ela sabe que n\u00e3o \u00e9 escrava do companheiro ou de qualquer outra pessoa\u201d, reitera a coordenadora da casa, Maria Luiza de Oliveira Moraes.<\/p>\n<p>Segundo ela, a institui\u00e7\u00e3o trouxe mais prote\u00e7\u00e3o para as mulheres. \u201cA casa oferece seguran\u00e7a \u00e0s mulheres. Elas sabem que est\u00e3o protegidas e que seus casos ter\u00e3o tratamento de forma adequada. \u00c9 um aux\u00edlio para que elas encontrem recursos para sair de um ambiente violento\u201d, comenta.<\/p>\n","protected":false},"excerpt":{"rendered":"<p>Todos os dias, milhares de mulheres s\u00e3o v\u00edtimas de algum tipo de viol\u00eancia, seja ela dentro de casa, ao sair para o trabalho, dentro do transporte coletivo e em v\u00e1rios outros lugares. Apesar dos casos estarem cada vez mais em evid\u00eancia, uma grande parcela das pessoas ainda n\u00e3o conhece o que a legisla\u00e7\u00e3o estabelece e [&hellip;]<\/p>\n","protected":false},"author":96,"featured_media":0,"comment_status":"closed","ping_status":"closed","sticky":false,"template":"","format":"standard","meta":{"footnotes":""},"categories":[253],"tags":[],"class_list":["post-90194","post","type-post","status-publish","format-standard","hentry","category-cidade"],"_links":{"self":[{"href":"https:\/\/diarioregionaldigital.com.br\/index.php?rest_route=\/wp\/v2\/posts\/90194","targetHints":{"allow":["GET"]}}],"collection":[{"href":"https:\/\/diarioregionaldigital.com.br\/index.php?rest_route=\/wp\/v2\/posts"}],"about":[{"href":"https:\/\/diarioregionaldigital.com.br\/index.php?rest_route=\/wp\/v2\/types\/post"}],"author":[{"embeddable":true,"href":"https:\/\/diarioregionaldigital.com.br\/index.php?rest_route=\/wp\/v2\/users\/96"}],"replies":[{"embeddable":true,"href":"https:\/\/diarioregionaldigital.com.br\/index.php?rest_route=%2Fwp%2Fv2%2Fcomments&post=90194"}],"version-history":[{"count":0,"href":"https:\/\/diarioregionaldigital.com.br\/index.php?rest_route=\/wp\/v2\/posts\/90194\/revisions"}],"wp:attachment":[{"href":"https:\/\/diarioregionaldigital.com.br\/index.php?rest_route=%2Fwp%2Fv2%2Fmedia&parent=90194"}],"wp:term":[{"taxonomy":"category","embeddable":true,"href":"https:\/\/diarioregionaldigital.com.br\/index.php?rest_route=%2Fwp%2Fv2%2Fcategories&post=90194"},{"taxonomy":"post_tag","embeddable":true,"href":"https:\/\/diarioregionaldigital.com.br\/index.php?rest_route=%2Fwp%2Fv2%2Ftags&post=90194"}],"curies":[{"name":"wp","href":"https:\/\/api.w.org\/{rel}","templated":true}]}}