{"id":90193,"date":"2018-01-22T21:42:34","date_gmt":"2018-01-22T23:42:34","guid":{"rendered":"http:\/\/diarioregionaljf.com.br\/2018\/01\/22\/ufjf-define-calendario-de-matriculas-do-sisu-e-do-pism\/"},"modified":"2018-01-22T21:42:34","modified_gmt":"2018-01-22T23:42:34","slug":"ufjf-define-calendario-de-matriculas-do-sisu-e-do-pism","status":"publish","type":"post","link":"https:\/\/diarioregionaldigital.com.br\/?p=90193","title":{"rendered":"UFJF define calend\u00e1rio de matr\u00edculas do Sisu e do Pism"},"content":{"rendered":"<p>Os aprovados na Universidade Federal de Juiz de Fora (UFJF) pelo Sistema de Sele\u00e7\u00e3o Unificada (Sisu) na chamada regular poder\u00e3o realizar a matr\u00edcula presencial entre os dias 21 e 22 de fevereiro, mas \u00e9 fundamental que tenham feito, previamente, a pr\u00e9-matr\u00edcula on-line, aberta entre os dias 5 e 7 de fevereiro. O link para a confirma\u00e7\u00e3o on-line ainda ser\u00e1 disponibilizado, assim como as datas dos editais de reclassifica\u00e7\u00e3o.<\/p>\n<p>Os candidatos aprovados pelo Programa de Ingresso Seletivo Misto (Pism)\/Vestibular 2018 na chamada regular ter\u00e3o os dias 21, 22 e 23 de fevereiro para efetuarem a pr\u00e9-matr\u00edcula on-line. As matr\u00edculas presenciais ser\u00e3o feitas nos dias 1\u00ba e 2 de mar\u00e7o. \u00c9 importante destacar que todos os prazos s\u00e3o v\u00e1lidos para os dois campi da UFJF: Juiz de Fora e Governador Valadares.<\/p>\n<p>Os aprovados para o campus de GV far\u00e3o a matr\u00edcula presencial no Pr\u00e9dio da Faculdade Pit\u00e1goras (Rua Dr. Raimundo Monteiro de Rezende, n\u00ba 330, Centro de Governador Valadares). J\u00e1 os aprovados para Juiz de Fora realizar\u00e3o o registro no Anfiteatro das Pr\u00f3-reitorias, localizado no pr\u00e9dio central do campus sede.<\/p>\n<p>A lista de documentos necess\u00e1rios para o registro, o dia e o hor\u00e1rio da matr\u00edcula de cada curso e outras informa\u00e7\u00f5es est\u00e3o dispon\u00edveis no <a href=\"http:\/\/www.ufjf.br\/cdara\/\" target=\"_blank\" rel=\"noopener noreferrer\">site da Coordenadoria de Assuntos e Registros Acad\u00eamicos (Cdara)<\/a>, tanto para os aprovados pelo <a href=\"http:\/\/www.ufjf.br\/cdara\/files\/2018\/01\/ORIENTA%C3%87%C3%95ES-COMPLEMENTARES-PARA-MATR%C3%8DCULA-SiSU-2017-21.pdf\" target=\"_blank\" rel=\"noopener noreferrer\">Sisu<\/a> quanto pelo <a href=\"http:\/\/www.ufjf.br\/cdara\/files\/2018\/01\/ORIENTA%C3%87%C3%95ES-COMPLEMENTARES-PARA-MATR%C3%8DCULA-pism-VEST-2018-12.pdf\" target=\"_blank\" rel=\"noopener noreferrer\">Pism<\/a>.<\/p>\n<h4>SISU<\/h4>\n<p>As inscri\u00e7\u00f5es para o Sisu 2018 abrem nesta ter\u00e7a-feira, 23, e terminam \u00e0s 23h59 da pr\u00f3xima sexta, 26. S\u00e3o realizadas duas edi\u00e7\u00f5es do Sisu: a atual, para entrada nos cursos que iniciam no primeiro semestre, e outra, cuja data ainda n\u00e3o foi divulgada, para os que come\u00e7am no segundo semestre. Por meio deste sistema, a UFJF disponibiliza 1.337 vagas em 57 cursos nos campi Juiz de Fora e Governador Valadares.<\/p>\n<p>&nbsp;<\/p>\n<p>Fonte: Assessoria<\/p>\n","protected":false},"excerpt":{"rendered":"<p>Os aprovados na Universidade Federal de Juiz de Fora (UFJF) pelo Sistema de Sele\u00e7\u00e3o Unificada (Sisu) na chamada regular poder\u00e3o realizar a matr\u00edcula presencial entre os dias 21 e 22 de fevereiro, mas \u00e9 fundamental que tenham feito, previamente, a pr\u00e9-matr\u00edcula on-line, aberta entre os dias 5 e 7 de fevereiro. O link para a [&hellip;]<\/p>\n","protected":false},"author":96,"featured_media":90192,"comment_status":"closed","ping_status":"closed","sticky":false,"template":"","format":"standard","meta":{"footnotes":""},"categories":[253],"tags":[],"class_list":["post-90193","post","type-post","status-publish","format-standard","has-post-thumbnail","hentry","category-cidade"],"_links":{"self":[{"href":"https:\/\/diarioregionaldigital.com.br\/index.php?rest_route=\/wp\/v2\/posts\/90193","targetHints":{"allow":["GET"]}}],"collection":[{"href":"https:\/\/diarioregionaldigital.com.br\/index.php?rest_route=\/wp\/v2\/posts"}],"about":[{"href":"https:\/\/diarioregionaldigital.com.br\/index.php?rest_route=\/wp\/v2\/types\/post"}],"author":[{"embeddable":true,"href":"https:\/\/diarioregionaldigital.com.br\/index.php?rest_route=\/wp\/v2\/users\/96"}],"replies":[{"embeddable":true,"href":"https:\/\/diarioregionaldigital.com.br\/index.php?rest_route=%2Fwp%2Fv2%2Fcomments&post=90193"}],"version-history":[{"count":0,"href":"https:\/\/diarioregionaldigital.com.br\/index.php?rest_route=\/wp\/v2\/posts\/90193\/revisions"}],"wp:featuredmedia":[{"embeddable":true,"href":"https:\/\/diarioregionaldigital.com.br\/index.php?rest_route=\/wp\/v2\/media\/90192"}],"wp:attachment":[{"href":"https:\/\/diarioregionaldigital.com.br\/index.php?rest_route=%2Fwp%2Fv2%2Fmedia&parent=90193"}],"wp:term":[{"taxonomy":"category","embeddable":true,"href":"https:\/\/diarioregionaldigital.com.br\/index.php?rest_route=%2Fwp%2Fv2%2Fcategories&post=90193"},{"taxonomy":"post_tag","embeddable":true,"href":"https:\/\/diarioregionaldigital.com.br\/index.php?rest_route=%2Fwp%2Fv2%2Ftags&post=90193"}],"curies":[{"name":"wp","href":"https:\/\/api.w.org\/{rel}","templated":true}]}}