{"id":90190,"date":"2018-01-22T21:05:43","date_gmt":"2018-01-22T23:05:43","guid":{"rendered":"http:\/\/diarioregionaljf.com.br\/2018\/01\/22\/cento-e-quinze-mil-juiz-foranos-estao-negativados\/"},"modified":"2018-01-22T21:05:43","modified_gmt":"2018-01-22T23:05:43","slug":"cento-e-quinze-mil-juiz-foranos-estao-negativados","status":"publish","type":"post","link":"https:\/\/diarioregionaldigital.com.br\/?p=90190","title":{"rendered":"Cento e quinze mil juiz-foranos est\u00e3o negativados"},"content":{"rendered":"<p>Segundo informa\u00e7\u00f5es da C\u00e2mara dos Dirigentes Lojistas (CDL) de Juiz de Fora, cerca de 115 mil juiz-foranos est\u00e3o com o nome sujo. O n\u00famero \u00e9 o reflexo do que acontece no pa\u00eds todo. Pela estimativa do Servi\u00e7o de Prote\u00e7\u00e3o ao Cr\u00e9dito (SPC) e da Confedera\u00e7\u00e3o Nacional de Dirigentes Lojistas (CNDL), 59,9 milh\u00f5es de brasileiros encerraram 2017 com as contas no vermelho. Os principais motivos que levaram os devedores ao endividamento s\u00e3o os atrasos nas parcelas do cart\u00e3o de cr\u00e9dito (81%), do cart\u00e3o de lojas (69%) e de carn\u00eas ou boletos.<\/p>\n<p>De acordo com o presidente da CDL\/JF, Marcos Casarin, na maioria dos casos as pessoas n\u00e3o fazem ideia de que est\u00e3o devendo. \u201cCostuma o consumidor parcelar a compra em v\u00e1rias vezes e se esquecer que escolheu essa modalidade de pagamento. A\u00ed quando ele vai comprar outro produto, acaba sendo avisado sobre uma restri\u00e7\u00e3o em seu nome e que ela est\u00e1 ligada a uma compra antiga\u201d, afirma.<\/p>\n<p>Casarin tamb\u00e9m refor\u00e7a que no per\u00edodo que antecede as festividades de fim de ano e o in\u00edcio de um novo ano \u00e9 constatado um aumento no n\u00famero de inadimplentes. \u201cCom a chegada do Natal e do R\u00e9veillon, o \u00edndice de consumo aumenta. O resultado \u00e9 que as pessoas n\u00e3o se planejam ou ent\u00e3o se empolgam e compram al\u00e9m do que ir\u00e3o conseguir pagar, se esquecendo que tem que quitar os impostos que vem em janeiro, al\u00e9m das despesas b\u00e1sicas. Por\u00e9m, em meados de mar\u00e7o, as pessoas, lentamente, colocam as contas em dia. Todo ano \u00e9 a mesma coisa\u201d, diz.<\/p>\n<p>O presidente lembra ainda que quem quiser fazer um levantamento das d\u00edvidas ou negociar pode se deslocar at\u00e9 a sede da CDL (Rua Halfeld, n\u00ba 414, 3\u00b0 andar, Centro), das 8h \u00e0s 18h, portando os documentos pessoais.<\/p>\n<p>&nbsp;<\/p>\n<h4>META PARA 2018<\/h4>\n<p>O levantamento da CNDL e do SPC mostra que para a maioria dos brasileiros a vida financeira piorou em 2017. Segundo a pesquisa, 85% tiveram que fazer cortes ou ajustes no or\u00e7amento no ano passado. Refei\u00e7\u00f5es fora de casa (63%), a compra de itens de vestu\u00e1rio, cal\u00e7ados e acess\u00f3rios (56%) e os itens sup\u00e9rfluos de supermercado (49%), foram os principais privil\u00e9gios que os brasileiros abriram m\u00e3o.<\/p>\n<p>Cerca de 45% dos entrevistados informaram ter como meta juntar dinheiro neste ano. Cinquenta e quatro por cento disseram estar mais otimistas com o cen\u00e1rio econ\u00f4mico em 2018 e 58% acreditam que sua vida financeira ser\u00e1 melhor.<\/p>\n","protected":false},"excerpt":{"rendered":"<p>Segundo informa\u00e7\u00f5es da C\u00e2mara dos Dirigentes Lojistas (CDL) de Juiz de Fora, cerca de 115 mil juiz-foranos est\u00e3o com o nome sujo. O n\u00famero \u00e9 o reflexo do que acontece no pa\u00eds todo. Pela estimativa do Servi\u00e7o de Prote\u00e7\u00e3o ao Cr\u00e9dito (SPC) e da Confedera\u00e7\u00e3o Nacional de Dirigentes Lojistas (CNDL), 59,9 milh\u00f5es de brasileiros encerraram [&hellip;]<\/p>\n","protected":false},"author":96,"featured_media":90189,"comment_status":"closed","ping_status":"closed","sticky":false,"template":"","format":"standard","meta":{"footnotes":""},"categories":[253],"tags":[],"class_list":["post-90190","post","type-post","status-publish","format-standard","has-post-thumbnail","hentry","category-cidade"],"_links":{"self":[{"href":"https:\/\/diarioregionaldigital.com.br\/index.php?rest_route=\/wp\/v2\/posts\/90190","targetHints":{"allow":["GET"]}}],"collection":[{"href":"https:\/\/diarioregionaldigital.com.br\/index.php?rest_route=\/wp\/v2\/posts"}],"about":[{"href":"https:\/\/diarioregionaldigital.com.br\/index.php?rest_route=\/wp\/v2\/types\/post"}],"author":[{"embeddable":true,"href":"https:\/\/diarioregionaldigital.com.br\/index.php?rest_route=\/wp\/v2\/users\/96"}],"replies":[{"embeddable":true,"href":"https:\/\/diarioregionaldigital.com.br\/index.php?rest_route=%2Fwp%2Fv2%2Fcomments&post=90190"}],"version-history":[{"count":0,"href":"https:\/\/diarioregionaldigital.com.br\/index.php?rest_route=\/wp\/v2\/posts\/90190\/revisions"}],"wp:featuredmedia":[{"embeddable":true,"href":"https:\/\/diarioregionaldigital.com.br\/index.php?rest_route=\/wp\/v2\/media\/90189"}],"wp:attachment":[{"href":"https:\/\/diarioregionaldigital.com.br\/index.php?rest_route=%2Fwp%2Fv2%2Fmedia&parent=90190"}],"wp:term":[{"taxonomy":"category","embeddable":true,"href":"https:\/\/diarioregionaldigital.com.br\/index.php?rest_route=%2Fwp%2Fv2%2Fcategories&post=90190"},{"taxonomy":"post_tag","embeddable":true,"href":"https:\/\/diarioregionaldigital.com.br\/index.php?rest_route=%2Fwp%2Fv2%2Ftags&post=90190"}],"curies":[{"name":"wp","href":"https:\/\/api.w.org\/{rel}","templated":true}]}}