{"id":90188,"date":"2018-01-22T20:51:18","date_gmt":"2018-01-22T22:51:18","guid":{"rendered":"http:\/\/diarioregionaljf.com.br\/2018\/01\/22\/jf-tem-liraa-de-3-9-mas-sem-confirmacao-de-casos-de-dengue\/"},"modified":"2018-01-22T20:51:18","modified_gmt":"2018-01-22T22:51:18","slug":"jf-tem-liraa-de-3-9-mas-sem-confirmacao-de-casos-de-dengue","status":"publish","type":"post","link":"https:\/\/diarioregionaldigital.com.br\/?p=90188","title":{"rendered":"JF tem Liraa de 3,9% mas sem confirma\u00e7\u00e3o de casos de dengue"},"content":{"rendered":"<p>O \u00faltimo Levantamento do \u00cdndice R\u00e1pido do Aedes aegypti (Liraa), realizado entre os dias 2 e10 em Juiz de Fora, apontou \u00edndice de infesta\u00e7\u00e3o de 3,9%, considerado \u201cestado de alerta\u201d pelo Minist\u00e9rio da Sa\u00fade. Os n\u00fameros de casos confirmados de dengue no munic\u00edpio, no entanto, apontam para situa\u00e7\u00e3o de controle. Em 2017 foram notificados 263 casos na cidade, com 76 confirmados. Nessas primeiras semanas de 2018, seis notifica\u00e7\u00f5es, e nenhuma confirma\u00e7\u00e3o.<\/p>\n<p>Com dias muito quentes, entretanto, n\u00e3o \u00e9 hora de descuidar. O maior n\u00famero de focos do mosquito continua dentro de casas e estabelecimentos comerciais, apontando a necessidade da participa\u00e7\u00e3o da popula\u00e7\u00e3o na luta contra as doen\u00e7as provocadas pelo vetor, como dengue, zika, chikungunya e agora, mais do que nunca, febre amarela.<\/p>\n<p>Apesar de n\u00e3o haver registro de febre amarela urbana no Brasil desde 1942 &#8211; doen\u00e7a transmitida pelo Aedes aegypti -, os casos da doen\u00e7a silvestre, transmitida pelos Haemagogus e Sabethes, que vivem em \u00e1reas de mata, \u00e9 hoje realidade em v\u00e1rios estados do Brasil, inclusive em Minas Gerais. Portanto, \u00e9 necess\u00e1ria aten\u00e7\u00e3o especial da popula\u00e7\u00e3o no combate ao mosquito, pois quanto menos Aedes circular pela cidade, menores s\u00e3o as chances de a doen\u00e7a ser reinserida no ambiente urbano.<\/p>\n<p>\u201cO combate ao Aedes \u00e9 a\u00e7\u00e3o fundamental dos trabalhos de preven\u00e7\u00e3o. Estamos fazendo nossa parte e precisamos que a popula\u00e7\u00e3o nos ajude nesta tarefa. Se os focos est\u00e3o dentro de casa, os dez minutos semanais s\u00e3o cruciais\u201d, explicou o subsecret\u00e1rio de Vigil\u00e2ncia em Sa\u00fade, Rodrigo Almeida.<\/p>\n<p>Segundo o resultado do Liraa, nas regi\u00f5es norte e leste est\u00e3o os \u00edndices mais altos. Os bairros onde foram encontrados os maiores n\u00fameros de focos positivos s\u00e3o Distrito Industrial e Milho Branco (cada um com dez), Bom Pastor (sete), Marumbi (seis) e Santa Luzia (cinco). Ao todo, 5.540 im\u00f3veis foram visitados, em 220 bairros.<\/p>\n<p>Enquanto isso, os trabalhos nos bairros Vila Olavo Costa, Monte Castelo e Santa Luzia seguem com o refor\u00e7o do Projeto \u201cAedes do Bem\u201d, que deve apresentar seus primeiros resultados a partir do pr\u00f3ximo Liraa, previsto para mar\u00e7o.<\/p>\n<p>Al\u00e9m disto, diversas outras frentes de combate est\u00e3o em execu\u00e7\u00e3o. Isto inclui as a\u00e7\u00f5es definidas pela Subsecretaria de Vigil\u00e2ncia em Sa\u00fade, a partir da reestrutura\u00e7\u00e3o realizada em 2016. Entre elas, a antecipa\u00e7\u00e3o da instala\u00e7\u00e3o do Comit\u00ea de Enfrentamento ao Aedes aegypti;amplo trabalho de mobiliza\u00e7\u00e3o social, por meio da Equipe de Educa\u00e7\u00e3o em Sa\u00fade; zoneamento dos agentes de combate a endemias; e implanta\u00e7\u00e3o da supervis\u00e3o de equipes, al\u00e9m dos atendimentos pelo Disque Dengue 199 e pela Sala de Opera\u00e7\u00f5es; da for\u00e7a-tarefa, que re\u00fane diversas secretarias e \u00f3rg\u00e3os da PJF; e dos mutir\u00f5es de limpeza. Todas estas a\u00e7\u00f5es acontecem durante todo o ano.<\/p>\n<p>Em 2017, o 199 atendeu 1.164 solicita\u00e7\u00f5es, em sua maioria nas regi\u00f5es com maior \u00edndice de infesta\u00e7\u00e3o, como norte (233), sul (229) e leste (179). Entre as ocorr\u00eancias mais comuns est\u00e3o verifica\u00e7\u00e3o de lixo (245), casas abandonadas (173), vasilhames (140), po\u00e7a d&#8217;\u00e1gua (128) e caixa d&#8217;\u00e1gua destampada (117). Na Sala de Opera\u00e7\u00f5es foram mais de 40 a\u00e7\u00f5es intersetoriais, que envolvem maior complexidade. A Educa\u00e7\u00e3o em Sa\u00fade realizou cerca de 150 a\u00e7\u00f5es espec\u00edficas sobre dengue, em unidades p\u00fablicas, empresas e comunidades.<\/p>\n<p>Fonte: Assessoria<\/p>\n","protected":false},"excerpt":{"rendered":"<p>O \u00faltimo Levantamento do \u00cdndice R\u00e1pido do Aedes aegypti (Liraa), realizado entre os dias 2 e10 em Juiz de Fora, apontou \u00edndice de infesta\u00e7\u00e3o de 3,9%, considerado \u201cestado de alerta\u201d pelo Minist\u00e9rio da Sa\u00fade. Os n\u00fameros de casos confirmados de dengue no munic\u00edpio, no entanto, apontam para situa\u00e7\u00e3o de controle. Em 2017 foram notificados 263 [&hellip;]<\/p>\n","protected":false},"author":96,"featured_media":90187,"comment_status":"closed","ping_status":"closed","sticky":false,"template":"","format":"standard","meta":{"footnotes":""},"categories":[253],"tags":[],"class_list":["post-90188","post","type-post","status-publish","format-standard","has-post-thumbnail","hentry","category-cidade"],"_links":{"self":[{"href":"https:\/\/diarioregionaldigital.com.br\/index.php?rest_route=\/wp\/v2\/posts\/90188","targetHints":{"allow":["GET"]}}],"collection":[{"href":"https:\/\/diarioregionaldigital.com.br\/index.php?rest_route=\/wp\/v2\/posts"}],"about":[{"href":"https:\/\/diarioregionaldigital.com.br\/index.php?rest_route=\/wp\/v2\/types\/post"}],"author":[{"embeddable":true,"href":"https:\/\/diarioregionaldigital.com.br\/index.php?rest_route=\/wp\/v2\/users\/96"}],"replies":[{"embeddable":true,"href":"https:\/\/diarioregionaldigital.com.br\/index.php?rest_route=%2Fwp%2Fv2%2Fcomments&post=90188"}],"version-history":[{"count":0,"href":"https:\/\/diarioregionaldigital.com.br\/index.php?rest_route=\/wp\/v2\/posts\/90188\/revisions"}],"wp:featuredmedia":[{"embeddable":true,"href":"https:\/\/diarioregionaldigital.com.br\/index.php?rest_route=\/wp\/v2\/media\/90187"}],"wp:attachment":[{"href":"https:\/\/diarioregionaldigital.com.br\/index.php?rest_route=%2Fwp%2Fv2%2Fmedia&parent=90188"}],"wp:term":[{"taxonomy":"category","embeddable":true,"href":"https:\/\/diarioregionaldigital.com.br\/index.php?rest_route=%2Fwp%2Fv2%2Fcategories&post=90188"},{"taxonomy":"post_tag","embeddable":true,"href":"https:\/\/diarioregionaldigital.com.br\/index.php?rest_route=%2Fwp%2Fv2%2Ftags&post=90188"}],"curies":[{"name":"wp","href":"https:\/\/api.w.org\/{rel}","templated":true}]}}