{"id":90186,"date":"2018-01-22T20:40:59","date_gmt":"2018-01-22T22:40:59","guid":{"rendered":"http:\/\/diarioregionaljf.com.br\/2018\/01\/22\/pelc-e-apresentado-a-comunidade-em-evento-na-praca-do-bairro-sao-mateus\/"},"modified":"2018-01-22T20:40:59","modified_gmt":"2018-01-22T22:40:59","slug":"pelc-e-apresentado-a-comunidade-em-evento-na-praca-do-bairro-sao-mateus","status":"publish","type":"post","link":"https:\/\/diarioregionaldigital.com.br\/?p=90186","title":{"rendered":"Pelc \u00e9 apresentado \u00e0 comunidade em evento na pra\u00e7a do Bairro S\u00e3o Mateus"},"content":{"rendered":"<p>Na manh\u00e3 de s\u00e1bado, 20, tiveram in\u00edcio na Pra\u00e7a \u201cJarbas de Lery Santos\u201d, no Bairro S\u00e3o Mateus, as atividades do Programa &#8220;Esporte e Lazer da Cidade&#8221; (Pelc). L\u00e1, foram apresentadas \u00e0 comunidade pr\u00e1ticas como dan\u00e7a, basquete e capoeira. Quem esteve presente p\u00f4de fazer sua inscri\u00e7\u00e3o para participar das oficinas, al\u00e9m de receber orienta\u00e7\u00e3o sobre os locais de funcionamento do programa na cidade.&nbsp;<\/p>\n<p> Joice Rocha Dias Braz, moradora do Bairro Santa Efig\u00eania, fez inscri\u00e7\u00e3o para toda a fam\u00edlia no \u201cN\u00facleo Aboli\u00e7\u00e3o\u201d: &#8220;\u00c9 muito boa essa oportunidade. Minha sogra, que \u00e9 hipertensa, participar\u00e1, pois \u00e9 dif\u00edcil a gente poder pagar para ela fazer atividades como essas, e \u00e9 bom para tirar tamb\u00e9m as crian\u00e7as da rua, que \u00e9 uma preocupa\u00e7\u00e3o dos pais\u201d.<\/p>\n<p> O secret\u00e1rio de Esporte e Lazer (SEL), Julio Gasparette, participou do evento, representando a Prefeitura de Juiz de Fora (PJF) e refor\u00e7ou o apoio do Executivo municipal na realiza\u00e7\u00e3o desse programa na cidade. A deputada federal Margarida Salom\u00e3o, respons\u00e1vel pela emenda parlamentar que trouxe o Pelc para a cidade, tamb\u00e9m presente no evento, destacou a parceria entre as institui\u00e7\u00f5es envolvidas.&nbsp;<\/p>\n<p> O l\u00edder comunit\u00e1rio do Bairro S\u00e3o Mateus, Homero da Silva Adaro, elogiou o programa: \u201cVemos, com ele, a ocupa\u00e7\u00e3o da pra\u00e7a, com lazer e esporte. A comunidade est\u00e1 satisfeita e se movimentando para incentivar a participa\u00e7\u00e3o de todos nas atividades\u201d.<\/p>\n<p> O Pelc \u00e9 coordenado em Juiz de Fora pela PJF, atrav\u00e9s da SEL, em dois n\u00facleos, com dois subn\u00facleos em cada um. O da zona sul \u00e9 composto pelo Centro Cultural Aboli\u00e7\u00e3o, como principal, e Polivalente Teixeiras e pra\u00e7a do Bairro S\u00e3o Mateus como secund\u00e1rios. Na zona norte, a Escola Estadual (E. E.) \u201cMaria Elba Braga\u201d \u00e9 o n\u00facleo, tendo o Campo do Cer\u00e2mica e o N\u00facleo Travessia como subn\u00facleos. Em todos eles s\u00e3o oferecidas oficinas de v\u00f4lei, t\u00eanis de mesa, gin\u00e1stica e dan\u00e7a, entre outras.<\/p>\n<p> A equipe \u00e9 formada por um coordenador de projetos, um esportivo pedag\u00f3gico, dois de n\u00facleos e 12 agentes sociais, trabalhando diretamente nas oficinas. O programa tem investimento de cerca de R$ 550 mil e capacidade de aproximadamente 800 atendimentos por dia. As inscri\u00e7\u00f5es continuam abertas at\u00e9 o preenchimento de todas as vagas.<\/p>\n<p> <strong>Confira o endere\u00e7o de cada n\u00facleo e hor\u00e1rios para inscri\u00e7\u00f5es:<\/strong><br \/> &#8211; N\u00facleo Aboli\u00e7\u00e3o \u2013 Rua Robson da Costa Magalh\u00e3es, 9, Bairro Bela Aurora: inscri\u00e7\u00f5es das 8h30 \u00e0s 11 horas.<\/p>\n<p> &#8211; Subn\u00facleo Polivalente Teixeiras \u2013 Rua No\u00eamia Mendon\u00e7a, Teixeiras: inscri\u00e7\u00f5es das 8h30 \u00e0s 11 horas.<\/p>\n<p> &#8211; Subn\u00facleo S\u00e3o Mateus \u2013 Pra\u00e7a \u201cJarbas de Lery Santos\u201d: inscri\u00e7\u00f5es na Rua S\u00e3o Mateus, das 8h30 \u00e0s 11 horas e das 14 \u00e0s 17 horas.<\/p>\n<p> &#8211; N\u00facleo \u201cMaria Elba Braga!\u201d \u2013 Rua Edgar de Paiva Aguiar, 155, Cer\u00e2mica: inscri\u00e7\u00f5es das 8h30 \u00e0s 11 horas.<\/p>\n<p> -Subn\u00facleo Travessia \u2013 Rua Jacinto Marcelino, 25, Vila Olavo Costa: inscri\u00e7\u00f5es das 8h30 \u00e0s 11 horas e das 14 \u00e0s 17 horas.<\/p>\n<p> &#8211; Subn\u00facleo Cer\u00e2mica \u2013 Rua Francisco de Almeida \u2013 Cer\u00e2mica: inscri\u00e7\u00f5es das 8h30 \u00e0s 11 horas.<\/p>\n<p><strong>&nbsp;Fonte: Assessoria\/SEL<\/strong><\/p>\n","protected":false},"excerpt":{"rendered":"<p>Na manh\u00e3 de s\u00e1bado, 20, tiveram in\u00edcio na Pra\u00e7a \u201cJarbas de Lery Santos\u201d, no Bairro S\u00e3o Mateus, as atividades do Programa &#8220;Esporte e Lazer da Cidade&#8221; (Pelc). L\u00e1, foram apresentadas \u00e0 comunidade pr\u00e1ticas como dan\u00e7a, basquete e capoeira. Quem esteve presente p\u00f4de fazer sua inscri\u00e7\u00e3o para participar das oficinas, al\u00e9m de receber orienta\u00e7\u00e3o sobre os [&hellip;]<\/p>\n","protected":false},"author":96,"featured_media":90185,"comment_status":"closed","ping_status":"closed","sticky":false,"template":"","format":"standard","meta":{"footnotes":""},"categories":[257],"tags":[],"class_list":["post-90186","post","type-post","status-publish","format-standard","has-post-thumbnail","hentry","category-esporte"],"_links":{"self":[{"href":"https:\/\/diarioregionaldigital.com.br\/index.php?rest_route=\/wp\/v2\/posts\/90186","targetHints":{"allow":["GET"]}}],"collection":[{"href":"https:\/\/diarioregionaldigital.com.br\/index.php?rest_route=\/wp\/v2\/posts"}],"about":[{"href":"https:\/\/diarioregionaldigital.com.br\/index.php?rest_route=\/wp\/v2\/types\/post"}],"author":[{"embeddable":true,"href":"https:\/\/diarioregionaldigital.com.br\/index.php?rest_route=\/wp\/v2\/users\/96"}],"replies":[{"embeddable":true,"href":"https:\/\/diarioregionaldigital.com.br\/index.php?rest_route=%2Fwp%2Fv2%2Fcomments&post=90186"}],"version-history":[{"count":0,"href":"https:\/\/diarioregionaldigital.com.br\/index.php?rest_route=\/wp\/v2\/posts\/90186\/revisions"}],"wp:featuredmedia":[{"embeddable":true,"href":"https:\/\/diarioregionaldigital.com.br\/index.php?rest_route=\/wp\/v2\/media\/90185"}],"wp:attachment":[{"href":"https:\/\/diarioregionaldigital.com.br\/index.php?rest_route=%2Fwp%2Fv2%2Fmedia&parent=90186"}],"wp:term":[{"taxonomy":"category","embeddable":true,"href":"https:\/\/diarioregionaldigital.com.br\/index.php?rest_route=%2Fwp%2Fv2%2Fcategories&post=90186"},{"taxonomy":"post_tag","embeddable":true,"href":"https:\/\/diarioregionaldigital.com.br\/index.php?rest_route=%2Fwp%2Fv2%2Ftags&post=90186"}],"curies":[{"name":"wp","href":"https:\/\/api.w.org\/{rel}","templated":true}]}}