{"id":90184,"date":"2018-01-22T20:38:05","date_gmt":"2018-01-22T22:38:05","guid":{"rendered":"http:\/\/diarioregionaljf.com.br\/2018\/01\/22\/grupo-de-ciclistas-realizam-pedal-beneficente-para-mesatenista-recuperar-bicicleta-perdida-em-incendio\/"},"modified":"2018-01-22T20:38:05","modified_gmt":"2018-01-22T22:38:05","slug":"grupo-de-ciclistas-realizam-pedal-beneficente-para-mesatenista-recuperar-bicicleta-perdida-em-incendio","status":"publish","type":"post","link":"https:\/\/diarioregionaldigital.com.br\/?p=90184","title":{"rendered":"Grupo de ciclistas realizam pedal beneficente para Mesatenista  recuperar  bicicleta perdida em inc\u00eandio"},"content":{"rendered":"<p>Um inc\u00eandio na tarde da quinta, 18, em um terreno na Rua Lemos Monteiro, no Bairro de Lourdes, atingiu a garagem da casa do mesatenista Alexandre Ank e destruiu sua bicicleta de competi\u00e7\u00e3o.&nbsp;A bicicleta era de aproximadamente R$8mil reais e o Paratleta utilizava em diversas provas de rua, como tamb\u00e9m emprestava para outros atletas.<\/p>\n<p>\u201c\u00c9 muita tristeza, pois competi com ela na semana passada e estava planejando participar de v\u00e1rias competi\u00e7\u00f5es este ano no Rio de Janeiro, em Belo Horizonte e at\u00e9 mesmo a Corrida de S\u00e3o Silvestre em S\u00e3o Paulo. Al\u00e9m disso, eu a emprestava para outros deficientes f\u00edsicos competirem,\u201d lamenta o mesatenista<\/p>\n<p>Alexandre participou na ultima semana de um pedal beneficente ao amigo David com a bicicleta.&nbsp; O mesmo grupo de ciclista que organizaram o pedal para David est\u00e3o organizando o pedal para ajudar Alexandre Ank, a poder comprar uma outra handbike. O pedal ser\u00e1 no domingo, 28, \u00e0s 8h, com trajeto saindo da Via S\u00e3o Pedro em dire\u00e7\u00e3o ao \u201cCantinho da Cachoeira\u201d, percorrendo aproximadamente 30 km.<\/p>\n<p>No domingo haver\u00e1 uma caixinha na \u201c\u00c1gua de Coco da Preta\u201d no bairro S\u00e3o Pedro, para todos que quiserem fazer sua doa\u00e7\u00e3o, de qualquer valor, ou se preferirem poder\u00e1 ser realizado dep\u00f3sito diretamente na conta do Alexandre Hank:<\/p>\n<p>Banco do Brasil- Ag\u00eancia: 2592-5- Conta Corrente: 16847-5 -Alexandre M. Ank.<\/p>\n","protected":false},"excerpt":{"rendered":"<p>Um inc\u00eandio na tarde da quinta, 18, em um terreno na Rua Lemos Monteiro, no Bairro de Lourdes, atingiu a garagem da casa do mesatenista Alexandre Ank e destruiu sua bicicleta de competi\u00e7\u00e3o.&nbsp;A bicicleta era de aproximadamente R$8mil reais e o Paratleta utilizava em diversas provas de rua, como tamb\u00e9m emprestava para outros atletas. \u201c\u00c9 [&hellip;]<\/p>\n","protected":false},"author":96,"featured_media":90183,"comment_status":"closed","ping_status":"closed","sticky":false,"template":"","format":"standard","meta":{"footnotes":""},"categories":[257],"tags":[],"class_list":["post-90184","post","type-post","status-publish","format-standard","has-post-thumbnail","hentry","category-esporte"],"_links":{"self":[{"href":"https:\/\/diarioregionaldigital.com.br\/index.php?rest_route=\/wp\/v2\/posts\/90184","targetHints":{"allow":["GET"]}}],"collection":[{"href":"https:\/\/diarioregionaldigital.com.br\/index.php?rest_route=\/wp\/v2\/posts"}],"about":[{"href":"https:\/\/diarioregionaldigital.com.br\/index.php?rest_route=\/wp\/v2\/types\/post"}],"author":[{"embeddable":true,"href":"https:\/\/diarioregionaldigital.com.br\/index.php?rest_route=\/wp\/v2\/users\/96"}],"replies":[{"embeddable":true,"href":"https:\/\/diarioregionaldigital.com.br\/index.php?rest_route=%2Fwp%2Fv2%2Fcomments&post=90184"}],"version-history":[{"count":0,"href":"https:\/\/diarioregionaldigital.com.br\/index.php?rest_route=\/wp\/v2\/posts\/90184\/revisions"}],"wp:featuredmedia":[{"embeddable":true,"href":"https:\/\/diarioregionaldigital.com.br\/index.php?rest_route=\/wp\/v2\/media\/90183"}],"wp:attachment":[{"href":"https:\/\/diarioregionaldigital.com.br\/index.php?rest_route=%2Fwp%2Fv2%2Fmedia&parent=90184"}],"wp:term":[{"taxonomy":"category","embeddable":true,"href":"https:\/\/diarioregionaldigital.com.br\/index.php?rest_route=%2Fwp%2Fv2%2Fcategories&post=90184"},{"taxonomy":"post_tag","embeddable":true,"href":"https:\/\/diarioregionaldigital.com.br\/index.php?rest_route=%2Fwp%2Fv2%2Ftags&post=90184"}],"curies":[{"name":"wp","href":"https:\/\/api.w.org\/{rel}","templated":true}]}}