{"id":90182,"date":"2018-01-22T20:33:40","date_gmt":"2018-01-22T22:33:40","guid":{"rendered":"http:\/\/diarioregionaljf.com.br\/2018\/01\/22\/jf-volei-sofre-a-11-derrota-nesta-temporada-da-superliga\/"},"modified":"2018-01-22T20:33:40","modified_gmt":"2018-01-22T22:33:40","slug":"jf-volei-sofre-a-11-derrota-nesta-temporada-da-superliga","status":"publish","type":"post","link":"https:\/\/diarioregionaldigital.com.br\/?p=90182","title":{"rendered":"JF V\u00f4lei sofre a 11\u00aa derrota nesta temporada da Superliga"},"content":{"rendered":"<p>Para quase 1700 torcedores, no Gin\u00e1sio do Taquaral, em Campinas, os comandados do t\u00e9cnico Horacio Dileo, a equipe de V\u00f5lei Renata, derrotaram o JF V\u00f4lei, por 3 a 0 com parciais de:(25\/15; 25\/22 e 25\/22), em jogo v\u00e1lido pela terceira rodada do returno da Superliga. O ponteiro Diogo(V\u00f4lei Renata), foi eleito o melhor em quadra e levou o trof\u00e9u Viva\/V\u00f4lei.&nbsp;<\/p>\n<p>O resultado mant\u00e9m a equipe comandada pelo t\u00e9cnico Henrique Furtado com apenas 4 pontos somados, na pen\u00faltima coloca\u00e7\u00e3o do campeonato.<\/p>\n<p>&nbsp;O pr\u00f3ximo compromisso do time local \u00e9 contra o Sesi-SP, no Gin\u00e1sio da UFJF, mas apenas daqui a 14 dias, em 3 de fevereiro. At\u00e9 l\u00e1 a comiss\u00e3o t\u00e9cnica juiz-forana ter\u00e1 todo este per\u00edodo de treinamentos visando \u00e0 continuidade da Superliga.<\/p>\n","protected":false},"excerpt":{"rendered":"<p>Para quase 1700 torcedores, no Gin\u00e1sio do Taquaral, em Campinas, os comandados do t\u00e9cnico Horacio Dileo, a equipe de V\u00f5lei Renata, derrotaram o JF V\u00f4lei, por 3 a 0 com parciais de:(25\/15; 25\/22 e 25\/22), em jogo v\u00e1lido pela terceira rodada do returno da Superliga. O ponteiro Diogo(V\u00f4lei Renata), foi eleito o melhor em quadra [&hellip;]<\/p>\n","protected":false},"author":96,"featured_media":90181,"comment_status":"closed","ping_status":"closed","sticky":false,"template":"","format":"standard","meta":{"footnotes":""},"categories":[257],"tags":[],"class_list":["post-90182","post","type-post","status-publish","format-standard","has-post-thumbnail","hentry","category-esporte"],"_links":{"self":[{"href":"https:\/\/diarioregionaldigital.com.br\/index.php?rest_route=\/wp\/v2\/posts\/90182","targetHints":{"allow":["GET"]}}],"collection":[{"href":"https:\/\/diarioregionaldigital.com.br\/index.php?rest_route=\/wp\/v2\/posts"}],"about":[{"href":"https:\/\/diarioregionaldigital.com.br\/index.php?rest_route=\/wp\/v2\/types\/post"}],"author":[{"embeddable":true,"href":"https:\/\/diarioregionaldigital.com.br\/index.php?rest_route=\/wp\/v2\/users\/96"}],"replies":[{"embeddable":true,"href":"https:\/\/diarioregionaldigital.com.br\/index.php?rest_route=%2Fwp%2Fv2%2Fcomments&post=90182"}],"version-history":[{"count":0,"href":"https:\/\/diarioregionaldigital.com.br\/index.php?rest_route=\/wp\/v2\/posts\/90182\/revisions"}],"wp:featuredmedia":[{"embeddable":true,"href":"https:\/\/diarioregionaldigital.com.br\/index.php?rest_route=\/wp\/v2\/media\/90181"}],"wp:attachment":[{"href":"https:\/\/diarioregionaldigital.com.br\/index.php?rest_route=%2Fwp%2Fv2%2Fmedia&parent=90182"}],"wp:term":[{"taxonomy":"category","embeddable":true,"href":"https:\/\/diarioregionaldigital.com.br\/index.php?rest_route=%2Fwp%2Fv2%2Fcategories&post=90182"},{"taxonomy":"post_tag","embeddable":true,"href":"https:\/\/diarioregionaldigital.com.br\/index.php?rest_route=%2Fwp%2Fv2%2Ftags&post=90182"}],"curies":[{"name":"wp","href":"https:\/\/api.w.org\/{rel}","templated":true}]}}