{"id":90180,"date":"2018-01-22T19:54:02","date_gmt":"2018-01-22T21:54:02","guid":{"rendered":"http:\/\/diarioregionaljf.com.br\/2018\/01\/22\/mercado-mantem-em-3-95-projecao-de-inflacao-para-este-ano\/"},"modified":"2018-01-22T19:54:02","modified_gmt":"2018-01-22T21:54:02","slug":"mercado-mantem-em-3-95-projecao-de-inflacao-para-este-ano","status":"publish","type":"post","link":"https:\/\/diarioregionaldigital.com.br\/?p=90180","title":{"rendered":"Mercado mant\u00e9m em 3,95% proje\u00e7\u00e3o de infla\u00e7\u00e3o para este ano"},"content":{"rendered":"<p>O mercado financeiro manteve a proje\u00e7\u00e3o para o \u00cdndice Nacional de Pre\u00e7os ao Consumidor Amplo (IPCA) &#8211; a infla\u00e7\u00e3o oficial do pa\u00eds &#8211; em 3,95% para este ano, a mesma estimada na semana passada.<\/p>\n<p>A proje\u00e7\u00e3o consta do boletim Focus, publica\u00e7\u00e3o divulgada nessa segunda-feira, 22, no site do Banco Central (BC) com proje\u00e7\u00f5es para os principais indicadores econ\u00f4micos. H\u00e1 quatro semanas, a expectativa estava levemente superior, em 3,96% para 2018.<\/p>\n<p>A estimativa para o crescimento do Produto Interno Bruto (PIB), a soma de todos os bens e servi\u00e7os produzidos no pa\u00eds, tamb\u00e9m foi mantida para 2018 em 2,7%. H\u00e1 quatro semanas, o \u00edndice era inferior, 2,68%.<\/p>\n<p>Para 2019, no entanto, houve um aumento na proje\u00e7\u00e3o do PIB, que passou de 2,8%, na semana passada, para 2,99% no boletim divulgado hoje. A estimativa para a infla\u00e7\u00e3o foi mantida em 4,25%.<\/p>\n<p>O boletim Focus \u00e9 divulgado todo in\u00edcio de semana e traz a m\u00e9dia das expectativas de bancos, institui\u00e7\u00f5es financeiras, consultorias e empresas sobre os principais indicadores relacionados \u00e0 economia brasileira, como os diversos \u00edndices de infla\u00e7\u00e3o, o PIB, a taxa de c\u00e2mbio e a taxa b\u00e1sica de juros da economia, a Selic.<\/p>\n<p>Fonte: Ag\u00eancia Brasil<\/p>\n","protected":false},"excerpt":{"rendered":"<p>O mercado financeiro manteve a proje\u00e7\u00e3o para o \u00cdndice Nacional de Pre\u00e7os ao Consumidor Amplo (IPCA) &#8211; a infla\u00e7\u00e3o oficial do pa\u00eds &#8211; em 3,95% para este ano, a mesma estimada na semana passada. A proje\u00e7\u00e3o consta do boletim Focus, publica\u00e7\u00e3o divulgada nessa segunda-feira, 22, no site do Banco Central (BC) com proje\u00e7\u00f5es para os [&hellip;]<\/p>\n","protected":false},"author":96,"featured_media":90179,"comment_status":"closed","ping_status":"closed","sticky":false,"template":"","format":"standard","meta":{"footnotes":""},"categories":[261],"tags":[],"class_list":["post-90180","post","type-post","status-publish","format-standard","has-post-thumbnail","hentry","category-economia"],"_links":{"self":[{"href":"https:\/\/diarioregionaldigital.com.br\/index.php?rest_route=\/wp\/v2\/posts\/90180","targetHints":{"allow":["GET"]}}],"collection":[{"href":"https:\/\/diarioregionaldigital.com.br\/index.php?rest_route=\/wp\/v2\/posts"}],"about":[{"href":"https:\/\/diarioregionaldigital.com.br\/index.php?rest_route=\/wp\/v2\/types\/post"}],"author":[{"embeddable":true,"href":"https:\/\/diarioregionaldigital.com.br\/index.php?rest_route=\/wp\/v2\/users\/96"}],"replies":[{"embeddable":true,"href":"https:\/\/diarioregionaldigital.com.br\/index.php?rest_route=%2Fwp%2Fv2%2Fcomments&post=90180"}],"version-history":[{"count":0,"href":"https:\/\/diarioregionaldigital.com.br\/index.php?rest_route=\/wp\/v2\/posts\/90180\/revisions"}],"wp:featuredmedia":[{"embeddable":true,"href":"https:\/\/diarioregionaldigital.com.br\/index.php?rest_route=\/wp\/v2\/media\/90179"}],"wp:attachment":[{"href":"https:\/\/diarioregionaldigital.com.br\/index.php?rest_route=%2Fwp%2Fv2%2Fmedia&parent=90180"}],"wp:term":[{"taxonomy":"category","embeddable":true,"href":"https:\/\/diarioregionaldigital.com.br\/index.php?rest_route=%2Fwp%2Fv2%2Fcategories&post=90180"},{"taxonomy":"post_tag","embeddable":true,"href":"https:\/\/diarioregionaldigital.com.br\/index.php?rest_route=%2Fwp%2Fv2%2Ftags&post=90180"}],"curies":[{"name":"wp","href":"https:\/\/api.w.org\/{rel}","templated":true}]}}