{"id":90175,"date":"2018-01-22T19:16:19","date_gmt":"2018-01-22T21:16:19","guid":{"rendered":"http:\/\/diarioregionaljf.com.br\/2018\/01\/22\/fmi-eleva-projecao-de-crescimento-global-e-para-o-brasil-em-2018-e-2019\/"},"modified":"2018-01-22T19:16:19","modified_gmt":"2018-01-22T21:16:19","slug":"fmi-eleva-projecao-de-crescimento-global-e-para-o-brasil-em-2018-e-2019","status":"publish","type":"post","link":"https:\/\/diarioregionaldigital.com.br\/?p=90175","title":{"rendered":"FMI eleva proje\u00e7\u00e3o de crescimento global e para o Brasil em 2018 e 2019"},"content":{"rendered":"<p>O Fundo Monet\u00e1rio Internacional (FMI) elevou a proje\u00e7\u00e3o de crescimento do Brasil para 2018 e 2019. O Produto Interno Bruto (PIB) do pa\u00eds deve crescer 1,9% este ano, 0,4 ponto percentual acima que foi estimado em outubro. Para 2019, a previs\u00e3o foi revisada para 2,1%, um aumento de 0,1 ponto percentual.<\/p>\n<p>Divulgado nessa segunda-feira, 22, o relat\u00f3rio World Economic Outlook destaca que a atividade econ\u00f4mica global registrou crescimento previsto de 3,7% em 2017, 0,1 ponto percentual acima do projetado em outubro, quando a \u00faltima vers\u00e3o do documento foi divulgada. O FMI tamb\u00e9m prev\u00ea crescimento global de 3,9% para 2018 e 2019, o que representa aumento de 0,2 ponto percentual sobre a proje\u00e7\u00e3o do relat\u00f3rio anterior.<\/p>\n<p>Segundo o relat\u00f3rio, a melhora reflete, entre outros fatores &#8220;o esperado impacto das mudan\u00e7as recentemente aprovadas na pol\u00edtica de impostos dos Estados Unidos&#8221;. No entanto, o documento diz que &#8220;devido \u00e0 natureza tempor\u00e1ria de algumas das medidas, o pacote de pol\u00edticas de impostos deve [contribuir para] reduzir o crescimento por alguns anos de 2022 em diante&#8221;.<\/p>\n<p>&nbsp;<\/p>\n<h4>AM\u00c9RICA LATINA<\/h4>\n<p>O relat\u00f3rio destaca que a recupera\u00e7\u00e3o econ\u00f4mica da Am\u00e9rica Latina deve se fortalecer, com crescimento de 1,9% em 2018 (como j\u00e1 era previsto em outubro) e 2,6% em 2019 (0,2 ponto percentual acima da previs\u00e3o de outubro).<\/p>\n<p>\u201cEsta mudan\u00e7a reflete principalmente uma perspectiva melhorada para o M\u00e9xico, que beneficia-se de uma demanda mais forte de Estados Unidos, uma recupera\u00e7\u00e3o mais firme do Brasil e os efeitos favor\u00e1veis de pre\u00e7os mais fortes das commodities e condi\u00e7\u00f5es mais f\u00e1ceis de financiamento em alguns pa\u00edses exportadores desses produtos\u201d, afirma o documento. O relat\u00f3rio diz tamb\u00e9m que essas proje\u00e7\u00f5es \u201cmais do que compensam novas revis\u00f5es descendentes para a Venezuela\u201d.<\/p>\n<p>No entanto, o documento destaca que fatores n\u00e3o-econ\u00f4micos colocam a recupera\u00e7\u00e3o da economia em risco, inclusive no Brasil. &#8220;A incerteza pol\u00edtica d\u00e1 espa\u00e7o a riscos para a implementa\u00e7\u00e3o de reformas ou \u00e0 possibilidade de reorienta\u00e7\u00e3o das agendas, incluindo no contexto das elei\u00e7\u00f5es que devem ocorrer em diversos pa\u00edses, como Brasil, Col\u00f4mbia, It\u00e1lia e M\u00e9xico&#8221;.<\/p>\n<p>Fonte: Ag\u00eancia Brasil<\/p>\n","protected":false},"excerpt":{"rendered":"<p>O Fundo Monet\u00e1rio Internacional (FMI) elevou a proje\u00e7\u00e3o de crescimento do Brasil para 2018 e 2019. O Produto Interno Bruto (PIB) do pa\u00eds deve crescer 1,9% este ano, 0,4 ponto percentual acima que foi estimado em outubro. Para 2019, a previs\u00e3o foi revisada para 2,1%, um aumento de 0,1 ponto percentual. Divulgado nessa segunda-feira, 22, [&hellip;]<\/p>\n","protected":false},"author":96,"featured_media":90174,"comment_status":"closed","ping_status":"closed","sticky":false,"template":"","format":"standard","meta":{"footnotes":""},"categories":[261],"tags":[],"class_list":["post-90175","post","type-post","status-publish","format-standard","has-post-thumbnail","hentry","category-economia"],"_links":{"self":[{"href":"https:\/\/diarioregionaldigital.com.br\/index.php?rest_route=\/wp\/v2\/posts\/90175","targetHints":{"allow":["GET"]}}],"collection":[{"href":"https:\/\/diarioregionaldigital.com.br\/index.php?rest_route=\/wp\/v2\/posts"}],"about":[{"href":"https:\/\/diarioregionaldigital.com.br\/index.php?rest_route=\/wp\/v2\/types\/post"}],"author":[{"embeddable":true,"href":"https:\/\/diarioregionaldigital.com.br\/index.php?rest_route=\/wp\/v2\/users\/96"}],"replies":[{"embeddable":true,"href":"https:\/\/diarioregionaldigital.com.br\/index.php?rest_route=%2Fwp%2Fv2%2Fcomments&post=90175"}],"version-history":[{"count":0,"href":"https:\/\/diarioregionaldigital.com.br\/index.php?rest_route=\/wp\/v2\/posts\/90175\/revisions"}],"wp:featuredmedia":[{"embeddable":true,"href":"https:\/\/diarioregionaldigital.com.br\/index.php?rest_route=\/wp\/v2\/media\/90174"}],"wp:attachment":[{"href":"https:\/\/diarioregionaldigital.com.br\/index.php?rest_route=%2Fwp%2Fv2%2Fmedia&parent=90175"}],"wp:term":[{"taxonomy":"category","embeddable":true,"href":"https:\/\/diarioregionaldigital.com.br\/index.php?rest_route=%2Fwp%2Fv2%2Fcategories&post=90175"},{"taxonomy":"post_tag","embeddable":true,"href":"https:\/\/diarioregionaldigital.com.br\/index.php?rest_route=%2Fwp%2Fv2%2Ftags&post=90175"}],"curies":[{"name":"wp","href":"https:\/\/api.w.org\/{rel}","templated":true}]}}