{"id":90173,"date":"2018-01-22T19:11:24","date_gmt":"2018-01-22T21:11:24","guid":{"rendered":"http:\/\/diarioregionaljf.com.br\/2018\/01\/22\/solenidade-2\/"},"modified":"2018-01-22T19:11:24","modified_gmt":"2018-01-22T21:11:24","slug":"solenidade-2","status":"publish","type":"post","link":"https:\/\/diarioregionaldigital.com.br\/?p=90173","title":{"rendered":"Solenidade"},"content":{"rendered":"<p style=\"text-align: center;\"><span class=\"h2 h3\">Solenidade<\/span><br \/>Em noite de alt\u00edssimo astral, foi realizado na sede da Guarda Mirim de Juiz de Fora, a posse da nova Gest\u00e3o 2018-2020 da Presidente Jaqueline Borges que assume a institui\u00e7\u00e3o por 3 anos. Estiveram presentes, autoridades, familiares, funcion\u00e1rios, amigos, companheiros de Rotary e este colunista. As fotos registram alguns momentos para esta coluna virtual.<\/p>\n<p style=\"text-align: center;\"><span class=\"h4\">Menos Pol\u00edtica<\/span><br \/>O Facebook come\u00e7ar\u00e1 a implementar, ao longo das pr\u00f3ximas semanas, uma profunda mudan\u00e7a no seu algoritmo. O resultado concreto, de acordo com um post publicado pelo CEO Mark Zuckerberg d\u00e1 conta, \u00e9 que v\u00e3o diminuir as presen\u00e7as de links para not\u00edcias, posts de p\u00e1ginas profissionais e de marcas. O que vai ampliar \u00e9 o pessoal, e menos pol\u00edtica.<\/p>\n<p style=\"text-align: center;\"><span class=\"h4\">Olha S\u00f3<\/span><br \/>Not\u00edcia boa chega para este colunista dando conta que uma lei vai entrar em vigor em 120 dias. Vai determinar que as liga\u00e7\u00f5es de telemarketing s\u00f3 podem ser feitas de segunda a sexta feira, das 8h \u00e0s 18h. Telefonar fora do hor\u00e1rio pode render multa. Enfim o limite para chatea\u00e7\u00e3o vai terminar.<\/p>\n<p style=\"text-align: center;\"><span class=\"h4\">De Boa<\/span><br \/>O premiad\u00edssimo artista pl\u00e1stico Yure Mendes lan\u00e7ou uma especial gincana para arrecadar material escolar. As doa\u00e7\u00f5es podem ser feitas at\u00e9 5 de fevereiro. Detalhe: o vencedor vai ganhar uma escultura do artista.<\/p>\n<p style=\"text-align: center;\"><span class=\"h4\">Na Pauta<\/span><br \/>Em boa hora, a Escola de Enfermagem da Santa Casa de Miseric\u00f3rdia de Juiz de Fora, abriu inscri\u00e7\u00f5es para curso t\u00e9cnicos e qualifica\u00e7\u00e3o para cuidador de idosos e seguran\u00e7a do paciente.<\/p>\n<p style=\"text-align: center;\"><span class=\"h4\">Aten\u00e7\u00e3o<\/span><br \/>O centro da pol\u00edtica, no sentido de direita, esquerda e centro, n\u00e3o \u00e9 imut\u00e1vel. Ele mudou durante a Hist\u00f3ria e mudou radicalmente depois da crise econ\u00f4mica de 2008. Para este colunista, o ano de 2017 marcou o momento de concretiza\u00e7\u00e3o dessa transforma\u00e7\u00e3o. O radicalismo se tornou o novo centro da pol\u00edtica mundial.<\/p>\n<p style=\"text-align: center;\"><span class=\"h4\">Assim&#8230; Assado<\/span><br \/>O ano de 2018 come\u00e7ou com o mais do mesmo: revolta, guerra de fac\u00e7\u00f5es e chacinas por todo o pa\u00eds nos pres\u00eddios, gente morta por balas perdidas, policiais executados por bandidos, roubos as pencas de celulares, estouro de caixas eletr\u00f4nicos, tr\u00e1fico de drogas zero de seguran\u00e7a. S\u00f3 resta a n\u00f3s Jesus para tomar conta.<\/p>\n<p style=\"text-align: center;\"><img decoding=\"async\" class=\" size-full wp-image-90166\" src=\"http:\/\/diarioregionaljf.com.br\/wp-content\/uploads\/2018\/01\/diario-int-23375-1.jpg\" alt=\"fotoa.jpg\" width=\"680\" style=\"display: block; margin-left: auto; margin-right: auto;\" srcset=\"https:\/\/diarioregionaldigital.com.br\/wp-content\/uploads\/2018\/01\/diario-int-23375-1.jpg 680w, https:\/\/diarioregionaldigital.com.br\/wp-content\/uploads\/2018\/01\/diario-int-23375-1-300x199.jpg 300w, https:\/\/diarioregionaldigital.com.br\/wp-content\/uploads\/2018\/01\/diario-int-23375-1-360x238.jpg 360w\" sizes=\"(max-width: 680px) 100vw, 680px\" \/>Na sede da Guarda-Mirim de Juiz de Fora, Wilmar do Carmo, a ex-presidente Joannyria Roselei Teixeira e Waldir Aquino<\/p>\n<p style=\"text-align: center;\"><img decoding=\"async\" class=\" size-full wp-image-90167\" src=\"http:\/\/diarioregionaljf.com.br\/wp-content\/uploads\/2018\/01\/diario-int-23375-2.jpg\" alt=\"fotob.jpg\" width=\"680\" style=\"display: block; margin-left: auto; margin-right: auto;\" srcset=\"https:\/\/diarioregionaldigital.com.br\/wp-content\/uploads\/2018\/01\/diario-int-23375-2.jpg 680w, https:\/\/diarioregionaldigital.com.br\/wp-content\/uploads\/2018\/01\/diario-int-23375-2-300x198.jpg 300w, https:\/\/diarioregionaldigital.com.br\/wp-content\/uploads\/2018\/01\/diario-int-23375-2-360x238.jpg 360w\" sizes=\"(max-width: 680px) 100vw, 680px\" \/>Suelen Loucarelli e a nova presidente da Guarda-Mirim Jaqueline Borges<\/p>\n<p style=\"text-align: center;\"><img decoding=\"async\" class=\" size-full wp-image-90168\" src=\"http:\/\/diarioregionaljf.com.br\/wp-content\/uploads\/2018\/01\/diario-int-23375-3.jpg\" alt=\"fotoc.jpg\" width=\"680\" style=\"display: block; margin-left: auto; margin-right: auto;\" srcset=\"https:\/\/diarioregionaldigital.com.br\/wp-content\/uploads\/2018\/01\/diario-int-23375-3.jpg 680w, https:\/\/diarioregionaldigital.com.br\/wp-content\/uploads\/2018\/01\/diario-int-23375-3-300x200.jpg 300w, https:\/\/diarioregionaldigital.com.br\/wp-content\/uploads\/2018\/01\/diario-int-23375-3-360x240.jpg 360w\" sizes=\"(max-width: 680px) 100vw, 680px\" \/>Wilmar do Carmo, Joannyria Roselei Teixeira, Sime\u00e3o F\u00e9res, Jaqueline Borges, Carla Beatriz e Suelen Franco<\/p>\n<p style=\"text-align: center;\"><img decoding=\"async\" class=\" size-full wp-image-90169\" src=\"http:\/\/diarioregionaljf.com.br\/wp-content\/uploads\/2018\/01\/diario-int-23375-4.JPG\" alt=\"fotod.JPG\" width=\"680\" style=\"display: block; margin-left: auto; margin-right: auto;\" srcset=\"https:\/\/diarioregionaldigital.com.br\/wp-content\/uploads\/2018\/01\/diario-int-23375-4.JPG 680w, https:\/\/diarioregionaldigital.com.br\/wp-content\/uploads\/2018\/01\/diario-int-23375-4-300x200.jpg 300w, https:\/\/diarioregionaldigital.com.br\/wp-content\/uploads\/2018\/01\/diario-int-23375-4-360x240.jpg 360w\" sizes=\"(max-width: 680px) 100vw, 680px\" \/>Eduardo Gomes, Jaqueline Borges, Joannyria Roselei Teixeira, Ros\u00e2ngela Marques<\/p>\n<p style=\"text-align: center;\"><img decoding=\"async\" class=\" size-full wp-image-90170\" src=\"http:\/\/diarioregionaljf.com.br\/wp-content\/uploads\/2018\/01\/diario-int-23375-5.jpg\" alt=\"fotoe.jpg\" width=\"680\" style=\"display: block; margin-left: auto; margin-right: auto;\" srcset=\"https:\/\/diarioregionaldigital.com.br\/wp-content\/uploads\/2018\/01\/diario-int-23375-5.jpg 680w, https:\/\/diarioregionaldigital.com.br\/wp-content\/uploads\/2018\/01\/diario-int-23375-5-300x198.jpg 300w, https:\/\/diarioregionaldigital.com.br\/wp-content\/uploads\/2018\/01\/diario-int-23375-5-360x238.jpg 360w\" sizes=\"(max-width: 680px) 100vw, 680px\" \/>Renata Borges e a m\u00e3e Jaqueline Borges<\/p>\n<p style=\"text-align: center;\"><img decoding=\"async\" class=\" size-full wp-image-90171\" src=\"http:\/\/diarioregionaljf.com.br\/wp-content\/uploads\/2018\/01\/diario-int-23375-6.JPG\" alt=\"fotof.JPG\" width=\"680\" style=\"display: block; margin-left: auto; margin-right: auto;\" srcset=\"https:\/\/diarioregionaldigital.com.br\/wp-content\/uploads\/2018\/01\/diario-int-23375-6.JPG 680w, https:\/\/diarioregionaldigital.com.br\/wp-content\/uploads\/2018\/01\/diario-int-23375-6-300x199.jpg 300w, https:\/\/diarioregionaldigital.com.br\/wp-content\/uploads\/2018\/01\/diario-int-23375-6-360x238.jpg 360w\" sizes=\"(max-width: 680px) 100vw, 680px\" \/>A fanfarra dos jovens aprendizes da Guarda-Mirim de Juiz de Fora<\/p>\n<p style=\"text-align: center;\"><img decoding=\"async\" class=\" size-full wp-image-90172\" src=\"http:\/\/diarioregionaljf.com.br\/wp-content\/uploads\/2018\/01\/diario-int-23375-7.JPG\" alt=\"fotog.JPG\" width=\"680\" style=\"display: block; margin-left: auto; margin-right: auto;\" srcset=\"https:\/\/diarioregionaldigital.com.br\/wp-content\/uploads\/2018\/01\/diario-int-23375-7.JPG 680w, https:\/\/diarioregionaldigital.com.br\/wp-content\/uploads\/2018\/01\/diario-int-23375-7-300x199.jpg 300w, https:\/\/diarioregionaldigital.com.br\/wp-content\/uploads\/2018\/01\/diario-int-23375-7-360x238.jpg 360w\" sizes=\"(max-width: 680px) 100vw, 680px\" \/>As autoridades, Jairo Silv\u00e9rio, Jo\u00e3o Mattoso, Jos\u00e9 Henrique, Waldir Mattoso, Juan Fonseca, Ant\u00f4nio Celso e Ivan Mostaro<\/p>\n<p class=\"h4\" style=\"text-align: center;\">FOTOSS\u00cdNTESE<\/p>\n<p>Sess\u00e3o flor de laranjeira vai unir em casamento o bonito casal Gabriela Dumila &amp; L\u00e9o Miroudo. A cerim\u00f4nia religiosa ser\u00e1 dia 27 de janeiro, \u00e0s 19h30, na Igreja S\u00e3o Jos\u00e9. Ela, filha de Janaina Oliveira Santos e Vicente de Paula Serpa J\u00fanior. Ele, filho de Cenira Pereira e Ismael Cristino de Oliveira.<\/p>\n<p>Fazendo sucesso a loja Sagrado Beb\u00ea, com m\u00f3veis e decora\u00e7\u00e3o de alt\u00edssimo n\u00edvel. O bat-local \u00e9 na av. Itamar Franco, n\u00ba 722 (quase esquina com a Rua Batista de Oliveira), no comando com seu apurad\u00edssimo bom gosto, o jovem Seb\u00e1 Ribeiro.<\/p>\n<p>Usando como refer\u00eancia as cores vermelho e preto, o entusiasmado Gustavo Mendes de Castro vai receber torcedores no dia 17 de mar\u00e7o, no Green Hill, para o lan\u00e7amento da torcida Embaixada Fla JF. A promo\u00e7\u00e3o, ter\u00e1 a presen\u00e7a dos ex-jogadores Ad\u00edlio, J\u00falio C\u00e9sar e Ronaldo Angelim em tarde aut\u00f3grafos. De quebra, um leil\u00e3o de camisa autografada e churrasco.<\/p>\n<p>At\u00e9 o dia 04 de mar\u00e7o, o Centro de Ci\u00eancias da UFJF tem uma s\u00e9rie de atividades para crian\u00e7as durante as f\u00e9rias escolares.<\/p>\n<p>O Terrazzo est\u00e1 montando uma programa\u00e7\u00e3o especial para a Copa da R\u00fassia.<\/p>\n<p>O Clube de Permuta escolheu a data de 23 de janeiro (hoje), para o concorrido almo\u00e7o Neg\u00f3cio Gastr\u00f4, no PPP.<\/p>\n<p>O querido e elegante casal J\u00falia e Edmar Moreira passam temporada no bonito ap\u00ea da Rua Sampaio, em Juiz de Fora.<\/p>\n<p>O Museu Ferrovi\u00e1rio vai apresentar nos dias 24 a 28 de janeiro, a pe\u00e7a \u201cEssa Estranha Sensa\u00e7\u00e3o de Fam\u00edlia\u201d. \u00c0s 20h30, no palco da Av. Brasil, n\u00ba 2000.<\/p>\n<p>De 27 a 28 de janeiro, da 9h as 13h, tem o evento Temperatura Ideal com Oficina de Teatro Provocativo, no OAndarDeBaixo. O endere\u00e7o \u00e9 rua Floriano Peixoto, 37.<\/p>\n<p>Para ficar Zen: H\u00e1 sonhos que devem permanecer nas gavetas, nos cofres trancados at\u00e9 nosso fim. E por isso pass\u00edveis de serem sonhados a vida inteira. (Hilda Hilst) Bom dia!!<\/p>\n","protected":false},"excerpt":{"rendered":"<p>SolenidadeEm noite de alt\u00edssimo astral, foi realizado na sede da Guarda Mirim de Juiz de Fora, a posse da nova Gest\u00e3o 2018-2020 da Presidente Jaqueline Borges que assume a institui\u00e7\u00e3o por 3 anos. Estiveram presentes, autoridades, familiares, funcion\u00e1rios, amigos, companheiros de Rotary e este colunista. As fotos registram alguns momentos para esta coluna virtual. Menos [&hellip;]<\/p>\n","protected":false},"author":96,"featured_media":90165,"comment_status":"closed","ping_status":"closed","sticky":false,"template":"","format":"standard","meta":{"footnotes":""},"categories":[264],"tags":[],"class_list":["post-90173","post","type-post","status-publish","format-standard","has-post-thumbnail","hentry","category-eduardo-gomes"],"_links":{"self":[{"href":"https:\/\/diarioregionaldigital.com.br\/index.php?rest_route=\/wp\/v2\/posts\/90173","targetHints":{"allow":["GET"]}}],"collection":[{"href":"https:\/\/diarioregionaldigital.com.br\/index.php?rest_route=\/wp\/v2\/posts"}],"about":[{"href":"https:\/\/diarioregionaldigital.com.br\/index.php?rest_route=\/wp\/v2\/types\/post"}],"author":[{"embeddable":true,"href":"https:\/\/diarioregionaldigital.com.br\/index.php?rest_route=\/wp\/v2\/users\/96"}],"replies":[{"embeddable":true,"href":"https:\/\/diarioregionaldigital.com.br\/index.php?rest_route=%2Fwp%2Fv2%2Fcomments&post=90173"}],"version-history":[{"count":0,"href":"https:\/\/diarioregionaldigital.com.br\/index.php?rest_route=\/wp\/v2\/posts\/90173\/revisions"}],"wp:featuredmedia":[{"embeddable":true,"href":"https:\/\/diarioregionaldigital.com.br\/index.php?rest_route=\/wp\/v2\/media\/90165"}],"wp:attachment":[{"href":"https:\/\/diarioregionaldigital.com.br\/index.php?rest_route=%2Fwp%2Fv2%2Fmedia&parent=90173"}],"wp:term":[{"taxonomy":"category","embeddable":true,"href":"https:\/\/diarioregionaldigital.com.br\/index.php?rest_route=%2Fwp%2Fv2%2Fcategories&post=90173"},{"taxonomy":"post_tag","embeddable":true,"href":"https:\/\/diarioregionaldigital.com.br\/index.php?rest_route=%2Fwp%2Fv2%2Ftags&post=90173"}],"curies":[{"name":"wp","href":"https:\/\/api.w.org\/{rel}","templated":true}]}}