{"id":90160,"date":"2018-01-22T18:50:12","date_gmt":"2018-01-22T20:50:12","guid":{"rendered":"http:\/\/diarioregionaljf.com.br\/2018\/01\/22\/mercosul-e-reino-unido-negociam-acordo-de-livre-comercio-diz-meirelles\/"},"modified":"2018-01-22T18:50:12","modified_gmt":"2018-01-22T20:50:12","slug":"mercosul-e-reino-unido-negociam-acordo-de-livre-comercio-diz-meirelles","status":"publish","type":"post","link":"https:\/\/diarioregionaldigital.com.br\/?p=90160","title":{"rendered":"Mercosul e Reino Unido negociam acordo de livre com\u00e9rcio, diz Meirelles"},"content":{"rendered":"<p>O Mercosul e o Reino Unido negociam um acordo de livre com\u00e9rcio que pode ser implementado ap\u00f3s a sa\u00edda do pa\u00eds da Uni\u00e3o Europeia, disse nessa segunda-feira, 22, o ministro da Fazenda, Henrique Meirelles. O ministro deu as declara\u00e7\u00f5es na resid\u00eancia do embaixador brasileiro em Londres ap\u00f3s reuni\u00e3o com o ministro de Finan\u00e7as do Reino Unido, Philip Hammond.<\/p>\n<p>\u201c[O acordo] poder\u00e1 ser efetivado depois do Brexit [processo de sa\u00edda do Reino Unido da Uni\u00e3o Europeia], mas as negocia\u00e7\u00f5es est\u00e3o andamento. A negocia\u00e7\u00e3o formalmente ser\u00e1 Mercosul com Reino Unido. \u00c9 o interesse maior ainda\u201d, afirmou Meirelles, em entrevista coletiva cujo \u00e1udio foi divulgado pelo Minist\u00e9rio da Fazenda.<\/p>\n<p>As negocia\u00e7\u00f5es de um tratado de livre com\u00e9rcio entre o Mercosul e a Uni\u00e3o Europeia (UE) se arrastam h\u00e1 v\u00e1rios anos. No fim do ano passado, as duas partes avan\u00e7aram nas discuss\u00f5es, mas a assinatura do acordo foi adiada para este ano.<\/p>\n<p>Por causa do Brexit, o Mercosul ter\u00e1 de negociar um acordo comercial separado com o Reino Unido. Caso o tratado de livre com\u00e9rcio com a UE saia do papel neste ano, o Reino Unido deixar\u00e1 de se beneficiar com o acordo assim que sair do bloco econ\u00f4mico.<\/p>\n<p>Meirelles fez uma escala em Londres para participar de reuni\u00f5es de neg\u00f3cios com investidores e o ministro das Finan\u00e7as brit\u00e2nico antes de seguir para o F\u00f3rum Econ\u00f4mico Mundial em Davos, na Su\u00ed\u00e7a. Neste ano, o presidente Michel Temer tamb\u00e9m estar\u00e1 no f\u00f3rum, que re\u00fane pol\u00edticos, empres\u00e1rios, investidores e banqueiros todos os anos em janeiro.<\/p>\n<p>Fonte: Ag\u00eancia Brasil<\/p>\n","protected":false},"excerpt":{"rendered":"<p>O Mercosul e o Reino Unido negociam um acordo de livre com\u00e9rcio que pode ser implementado ap\u00f3s a sa\u00edda do pa\u00eds da Uni\u00e3o Europeia, disse nessa segunda-feira, 22, o ministro da Fazenda, Henrique Meirelles. O ministro deu as declara\u00e7\u00f5es na resid\u00eancia do embaixador brasileiro em Londres ap\u00f3s reuni\u00e3o com o ministro de Finan\u00e7as do Reino [&hellip;]<\/p>\n","protected":false},"author":96,"featured_media":90159,"comment_status":"closed","ping_status":"closed","sticky":false,"template":"","format":"standard","meta":{"footnotes":""},"categories":[261],"tags":[],"class_list":["post-90160","post","type-post","status-publish","format-standard","has-post-thumbnail","hentry","category-economia"],"_links":{"self":[{"href":"https:\/\/diarioregionaldigital.com.br\/index.php?rest_route=\/wp\/v2\/posts\/90160","targetHints":{"allow":["GET"]}}],"collection":[{"href":"https:\/\/diarioregionaldigital.com.br\/index.php?rest_route=\/wp\/v2\/posts"}],"about":[{"href":"https:\/\/diarioregionaldigital.com.br\/index.php?rest_route=\/wp\/v2\/types\/post"}],"author":[{"embeddable":true,"href":"https:\/\/diarioregionaldigital.com.br\/index.php?rest_route=\/wp\/v2\/users\/96"}],"replies":[{"embeddable":true,"href":"https:\/\/diarioregionaldigital.com.br\/index.php?rest_route=%2Fwp%2Fv2%2Fcomments&post=90160"}],"version-history":[{"count":0,"href":"https:\/\/diarioregionaldigital.com.br\/index.php?rest_route=\/wp\/v2\/posts\/90160\/revisions"}],"wp:featuredmedia":[{"embeddable":true,"href":"https:\/\/diarioregionaldigital.com.br\/index.php?rest_route=\/wp\/v2\/media\/90159"}],"wp:attachment":[{"href":"https:\/\/diarioregionaldigital.com.br\/index.php?rest_route=%2Fwp%2Fv2%2Fmedia&parent=90160"}],"wp:term":[{"taxonomy":"category","embeddable":true,"href":"https:\/\/diarioregionaldigital.com.br\/index.php?rest_route=%2Fwp%2Fv2%2Fcategories&post=90160"},{"taxonomy":"post_tag","embeddable":true,"href":"https:\/\/diarioregionaldigital.com.br\/index.php?rest_route=%2Fwp%2Fv2%2Ftags&post=90160"}],"curies":[{"name":"wp","href":"https:\/\/api.w.org\/{rel}","templated":true}]}}