{"id":90156,"date":"2018-01-22T18:31:52","date_gmt":"2018-01-22T20:31:52","guid":{"rendered":"http:\/\/diarioregionaljf.com.br\/2018\/01\/22\/programa-musica-minas-recebe-sugestoes-durante-colaboracao-online\/"},"modified":"2018-01-22T18:31:52","modified_gmt":"2018-01-22T20:31:52","slug":"programa-musica-minas-recebe-sugestoes-durante-colaboracao-online","status":"publish","type":"post","link":"https:\/\/diarioregionaldigital.com.br\/?p=90156","title":{"rendered":"Programa M\u00fasica Minas recebe sugest\u00f5es durante colabora\u00e7\u00e3o online"},"content":{"rendered":"<p>A Secretaria de Estado de Cultura (SEC) promove uma colabora\u00e7\u00e3o online para colher da sociedade civil contribui\u00e7\u00f5es que auxiliem na elabora\u00e7\u00e3o do edital do programa M\u00fasica Minas 2018. A sugest\u00f5es podem ser enviadas at\u00e9 7 de fevereiro no endere\u00e7o <a href=\"http:\/\/www.cultura.mg.gov.br\/leicsec\/index.php?option=com_rsform&amp;formId=52\" target=\"_blank\" rel=\"noopener noreferrer\">goo.gl\/b2EBWD<\/a>.<\/p>\n<p>A colabora\u00e7\u00e3o online \u00e9 uma forma de ampliar a participa\u00e7\u00e3o da sociedade civil no desenvolvimento e aperfei\u00e7oamento da pol\u00edtica cultural mineira destinada ao segmento da m\u00fasica e vai ao encontro da principal diretriz do Governo de Minas Gerais, que \u00e9 a escuta e a proximidade com os mineiros.<\/p>\n<p>\u201cA contribui\u00e7\u00e3o da sociedade \u00e9 fundamental para construirmos um edital que atenda \u00e0s necessidades do segmento. A participa\u00e7\u00e3o auxilia na cria\u00e7\u00e3o de um programa cada vez mais aderente aos interesses da popula\u00e7\u00e3o\u201d, avalia o diretor de Programas e Articula\u00e7\u00e3o Institucional da Superintend\u00eancia de Interioriza\u00e7\u00e3o e A\u00e7\u00e3o Cultural da SEC, Marco T\u00falio Costa.<\/p>\n<p>&nbsp;<\/p>\n<h4>M\u00daSICA MINAS<\/h4>\n<p>O programa de interc\u00e2mbio viabiliza viagens por munic\u00edpios de todo o Brasil e dos cinco continentes. S\u00e3o R$700 mil repassados, a t\u00edtulo de ajuda de custo, para despesas com passagens, seguros de viagem, hospedagem, alimenta\u00e7\u00e3o entre outras.<\/p>\n<p>Em 2017, o M\u00fasica Minas contemplou 56 propostas e garantiu a circula\u00e7\u00e3o de 210 pessoas. Artistas mineiros levaram a m\u00fasica produzida em Minas Gerais aos cinco continentes.<\/p>\n<p>O Jap\u00e3o recebeu o duo Alexandre Andr\u00e9s e Rafael Martini para o lan\u00e7amento do \u00e1lbum Hura. A Coreia do Sul foi o destino da artista Jennifer Souza, que apresentou can\u00e7\u00f5es de seu trabalho &#8220;Imposs\u00edvel Breve&#8221;.<\/p>\n<p>O famoso festival de jazz de Montreux, na Su\u00ed\u00e7a, por onde passaram grandes nomes da m\u00fasica, como Nina Simone, Ella Fitzgerald e Elis Regina, foi palco para o guitarrista de Ribeir\u00e3o das Neves, Expedito In\u00e1cio Andrade.<\/p>\n<p>A banda ouro-pretana Seu Juvenal, que comemorou no ano passado 20 anos de estrada, excursionou pela primeira vez na Europa, tocando na Rep\u00fablica Tcheca, Pol\u00f4nia e Eslov\u00e1quia. A Argentina deu voz \u00e0 m\u00fasica produzida em Minas Gerais com uma s\u00e9rie de apresenta\u00e7\u00f5es do Ara\u00e7\u00e1 Quarteto de Choro, grupo de Po\u00e7os de Caldas.<\/p>\n<p>O programa da Secret\u00e1ria de Estado de Cultura tamb\u00e9m foi respons\u00e1vel por levar o professor de viol\u00e3o Ricardo Novais a Guin\u00e9-Bissau, na \u00c1frica, para ensinar viol\u00e3o \u00e0 crian\u00e7as e adolescentes carentes. O convite partiu do \u201cProjeto Educando\u201d, escola que atende cerca de 150 pessoas na cidade de Gabu, regi\u00e3o leste do pa\u00eds.<\/p>\n<p>Em 2015 e 2016, o edital viabilizou 111 projetos, promovendo a viagem de 349 integrantes da cadeia criativa e produtiva da m\u00fasica.<\/p>\n<p>&nbsp;<\/p>\n<p>Fonte: Ag\u00eancia Minas<\/p>\n","protected":false},"excerpt":{"rendered":"<p>A Secretaria de Estado de Cultura (SEC) promove uma colabora\u00e7\u00e3o online para colher da sociedade civil contribui\u00e7\u00f5es que auxiliem na elabora\u00e7\u00e3o do edital do programa M\u00fasica Minas 2018. A sugest\u00f5es podem ser enviadas at\u00e9 7 de fevereiro no endere\u00e7o goo.gl\/b2EBWD. A colabora\u00e7\u00e3o online \u00e9 uma forma de ampliar a participa\u00e7\u00e3o da sociedade civil no desenvolvimento [&hellip;]<\/p>\n","protected":false},"author":96,"featured_media":90155,"comment_status":"closed","ping_status":"closed","sticky":false,"template":"","format":"standard","meta":{"footnotes":""},"categories":[252],"tags":[],"class_list":["post-90156","post","type-post","status-publish","format-standard","has-post-thumbnail","hentry","category-regiao"],"_links":{"self":[{"href":"https:\/\/diarioregionaldigital.com.br\/index.php?rest_route=\/wp\/v2\/posts\/90156","targetHints":{"allow":["GET"]}}],"collection":[{"href":"https:\/\/diarioregionaldigital.com.br\/index.php?rest_route=\/wp\/v2\/posts"}],"about":[{"href":"https:\/\/diarioregionaldigital.com.br\/index.php?rest_route=\/wp\/v2\/types\/post"}],"author":[{"embeddable":true,"href":"https:\/\/diarioregionaldigital.com.br\/index.php?rest_route=\/wp\/v2\/users\/96"}],"replies":[{"embeddable":true,"href":"https:\/\/diarioregionaldigital.com.br\/index.php?rest_route=%2Fwp%2Fv2%2Fcomments&post=90156"}],"version-history":[{"count":0,"href":"https:\/\/diarioregionaldigital.com.br\/index.php?rest_route=\/wp\/v2\/posts\/90156\/revisions"}],"wp:featuredmedia":[{"embeddable":true,"href":"https:\/\/diarioregionaldigital.com.br\/index.php?rest_route=\/wp\/v2\/media\/90155"}],"wp:attachment":[{"href":"https:\/\/diarioregionaldigital.com.br\/index.php?rest_route=%2Fwp%2Fv2%2Fmedia&parent=90156"}],"wp:term":[{"taxonomy":"category","embeddable":true,"href":"https:\/\/diarioregionaldigital.com.br\/index.php?rest_route=%2Fwp%2Fv2%2Fcategories&post=90156"},{"taxonomy":"post_tag","embeddable":true,"href":"https:\/\/diarioregionaldigital.com.br\/index.php?rest_route=%2Fwp%2Fv2%2Ftags&post=90156"}],"curies":[{"name":"wp","href":"https:\/\/api.w.org\/{rel}","templated":true}]}}