{"id":90154,"date":"2018-01-22T18:28:53","date_gmt":"2018-01-22T20:28:53","guid":{"rendered":"http:\/\/diarioregionaljf.com.br\/2018\/01\/22\/projeto-amplia-correcao-monetaria-da-restituicao-do-imposto-de-renda\/"},"modified":"2018-01-22T18:28:53","modified_gmt":"2018-01-22T20:28:53","slug":"projeto-amplia-correcao-monetaria-da-restituicao-do-imposto-de-renda","status":"publish","type":"post","link":"https:\/\/diarioregionaldigital.com.br\/?p=90154","title":{"rendered":"Projeto amplia corre\u00e7\u00e3o monet\u00e1ria da restitui\u00e7\u00e3o do Imposto de Renda"},"content":{"rendered":"<p>Projeto em tramita\u00e7\u00e3o na Comiss\u00e3o de Assuntos Econ\u00f4micos (CAE) estabelece que a restitui\u00e7\u00e3o do Imposto de Renda tenha corre\u00e7\u00e3o monet\u00e1ria pela taxa Selic a partir de 1\u00ba de janeiro do ano de entrega da declara\u00e7\u00e3o anual. A lei atual determina que a corre\u00e7\u00e3o ocorra apenas a partir de maio.<\/p>\n<p>O PLS 247\/2014, de autoria do senador Waldemir Moka (PMDB-MS), tem voto favor\u00e1vel do senador Cidinho Santos (PR-MT). &#8220;O imposto a ser restitu\u00eddo \u00e9 uma d\u00edvida que o Tesouro possui junto ao contribuinte. Como qualquer d\u00edvida, ela deve ser integralmente corrigida, at\u00e9 ser devidamente paga&#8221;, afirma Cidinho em seu relat\u00f3rio.<\/p>\n<p>Cidinho apresentou uma emenda ao projeto para que a lei entre em vigor a partir de 1\u00ba de janeiro do ano seguinte \u00e0 publica\u00e7\u00e3o, criando tempo suficiente para que o aumento de gasto a ser gerado seja inclu\u00eddo nas leis or\u00e7ament\u00e1rias. Ele cita, no relat\u00f3rio, parecer elaborado pelo senador licenciado Blairo Maggi segundo o qual a incid\u00eancia de juros sobre os valores devidos do imposto de renda a ser restitu\u00eddo entre os meses de janeiro e abril acarretaria acr\u00e9scimo dos encargos de R577 milh\u00f5es em 2014, R$ 632 milh\u00f5es em 2015 e R$692 milh\u00f5es em 2016, o que corresponderia a cerca de 0,05% das despesas totais da Uni\u00e3o.<\/p>\n<p>O projeto prev\u00ea ainda a corre\u00e7\u00e3o de 1% no m\u00eas em que o recurso for colocado no banco \u00e0 disposi\u00e7\u00e3o do contribuinte. O autor, Moka, argumenta que a corre\u00e7\u00e3o desde o primeiro dia de janeiro \u00e9 uma forma de justi\u00e7a fiscal, porque as reten\u00e7\u00f5es por antecipa\u00e7\u00e3o privam os contribuintes de seus recursos, muitas vezes necess\u00e1rios para o custeio de despesas essenciais no or\u00e7amento familiar.<\/p>\n<p>Se for aprovado na CAE, o projeto seguir\u00e1 para vota\u00e7\u00e3o na C\u00e2mara dos Deputados. S\u00f3 precisar\u00e1 passar pelo Plen\u00e1rio do Senado se houver recurso para tanto.<\/p>\n<p>Fonte: Ag\u00eancia Senado<\/p>\n","protected":false},"excerpt":{"rendered":"<p>Projeto em tramita\u00e7\u00e3o na Comiss\u00e3o de Assuntos Econ\u00f4micos (CAE) estabelece que a restitui\u00e7\u00e3o do Imposto de Renda tenha corre\u00e7\u00e3o monet\u00e1ria pela taxa Selic a partir de 1\u00ba de janeiro do ano de entrega da declara\u00e7\u00e3o anual. A lei atual determina que a corre\u00e7\u00e3o ocorra apenas a partir de maio. O PLS 247\/2014, de autoria do [&hellip;]<\/p>\n","protected":false},"author":96,"featured_media":90153,"comment_status":"closed","ping_status":"closed","sticky":false,"template":"","format":"standard","meta":{"footnotes":""},"categories":[254],"tags":[],"class_list":["post-90154","post","type-post","status-publish","format-standard","has-post-thumbnail","hentry","category-politica"],"_links":{"self":[{"href":"https:\/\/diarioregionaldigital.com.br\/index.php?rest_route=\/wp\/v2\/posts\/90154","targetHints":{"allow":["GET"]}}],"collection":[{"href":"https:\/\/diarioregionaldigital.com.br\/index.php?rest_route=\/wp\/v2\/posts"}],"about":[{"href":"https:\/\/diarioregionaldigital.com.br\/index.php?rest_route=\/wp\/v2\/types\/post"}],"author":[{"embeddable":true,"href":"https:\/\/diarioregionaldigital.com.br\/index.php?rest_route=\/wp\/v2\/users\/96"}],"replies":[{"embeddable":true,"href":"https:\/\/diarioregionaldigital.com.br\/index.php?rest_route=%2Fwp%2Fv2%2Fcomments&post=90154"}],"version-history":[{"count":0,"href":"https:\/\/diarioregionaldigital.com.br\/index.php?rest_route=\/wp\/v2\/posts\/90154\/revisions"}],"wp:featuredmedia":[{"embeddable":true,"href":"https:\/\/diarioregionaldigital.com.br\/index.php?rest_route=\/wp\/v2\/media\/90153"}],"wp:attachment":[{"href":"https:\/\/diarioregionaldigital.com.br\/index.php?rest_route=%2Fwp%2Fv2%2Fmedia&parent=90154"}],"wp:term":[{"taxonomy":"category","embeddable":true,"href":"https:\/\/diarioregionaldigital.com.br\/index.php?rest_route=%2Fwp%2Fv2%2Fcategories&post=90154"},{"taxonomy":"post_tag","embeddable":true,"href":"https:\/\/diarioregionaldigital.com.br\/index.php?rest_route=%2Fwp%2Fv2%2Ftags&post=90154"}],"curies":[{"name":"wp","href":"https:\/\/api.w.org\/{rel}","templated":true}]}}