{"id":90150,"date":"2018-01-22T18:18:59","date_gmt":"2018-01-22T20:18:59","guid":{"rendered":"http:\/\/diarioregionaljf.com.br\/2018\/01\/22\/pec-garante-aos-municipios-participacao-de-20-nos-impostos-a-serem-criados\/"},"modified":"2018-01-22T18:18:59","modified_gmt":"2018-01-22T20:18:59","slug":"pec-garante-aos-municipios-participacao-de-20-nos-impostos-a-serem-criados","status":"publish","type":"post","link":"https:\/\/diarioregionaldigital.com.br\/?p=90150","title":{"rendered":"PEC garante aos munic\u00edpios participa\u00e7\u00e3o de 20% nos impostos a serem criados"},"content":{"rendered":"<p>O aumento na arrecada\u00e7\u00e3o dos munic\u00edpios, reivindica\u00e7\u00e3o antiga dos prefeitos, \u00e9 o objetivo de proposta de Emenda \u00e0 Constitui\u00e7\u00e3o em an\u00e1lise na Comiss\u00e3o de Constitui\u00e7\u00e3o, Justi\u00e7a e Cidadania (CCJ). O texto garante \u00e0s prefeituras uma porcentagem da arrecada\u00e7\u00e3o de novos impostos institu\u00eddos pela Uni\u00e3o. Essa previs\u00e3o j\u00e1 existe na Constitui\u00e7\u00e3o para os Estados e o Distrito Federal.<\/p>\n<p>Atualmente, a Constitui\u00e7\u00e3o j\u00e1 estabelece o repasse aos munic\u00edpios de 50% do produto da arrecada\u00e7\u00e3o com os impostos da Uni\u00e3o sobre propriedade territorial rural e dos estados sobre a propriedade de ve\u00edculos automotores, al\u00e9m de 25% do ICMS, entre outros. Se a PEC 109\/2015 for aprovada, os munic\u00edpios poder\u00e3o receber tamb\u00e9m 20% dos novos impostos que forem criados.<\/p>\n<p>Na justificativa, o senador Antonio Anastasia (PSDB-MG) lembra que h\u00e1 uma queixa entre os prefeitos sobre a desigualdade do Pacto Federativo, divis\u00e3o da arrecada\u00e7\u00e3o entre Uni\u00e3o, estados e munic\u00edpios. &#8220;Hoje, 68% de todos os tributos arrecadados no Brasil v\u00e3o direto para o governo federal. Desse total, depois de feitos os repasses aos entes federativos, a Uni\u00e3o fica com 58%, os Estados com 24% e os Munic\u00edpios com 18% da arrecada\u00e7\u00e3o&#8221;, explicou.<\/p>\n<p>Na \u00e9poca em que foi feita a divis\u00e3o (1988), os percentuais pareciam adequados, de acordo com Anastasia. Depois, v\u00e1rias leis e emendas \u00e0 Constitui\u00e7\u00e3o criaram despesas para os munic\u00edpios, como \u00e9 o caso das creches e da ilumina\u00e7\u00e3o p\u00fablica e de recursos destinados ao Sistema \u00danico de Sa\u00fade (SUS).<\/p>\n<p>No voto pela aprova\u00e7\u00e3o do texto, a relatora, senadora Gleisi Hoffmann (PT-PR) cita dados do \u00cdndice Firjan de Gest\u00e3o Fiscal (IFGF), elaborado pela Federa\u00e7\u00e3o das Ind\u00fastrias do Estado do Rio de Janeiro. De acordo com a edi\u00e7\u00e3o 2017\/2016 do \u00edndice, dos 4.544 munic\u00edpios que prestaram contas, 3.905 (86,0%) apresentaram situa\u00e7\u00e3o fiscal dif\u00edcil ou cr\u00edtica e apenas 13 (0,3%) tinham situa\u00e7\u00e3o fiscal \u00f3tima. &#8220;Na verdade, os munic\u00edpios necessitam de tais recursos muito mais do que o DF. A situa\u00e7\u00e3o fiscal da maioria dos munic\u00edpios, que j\u00e1 era grave antes do in\u00edcio da crise atual, se tornou dram\u00e1tica&#8221;, afirma a senadora.<\/p>\n<p>Se aprovado pela Comiss\u00e3o de Constitui\u00e7\u00e3o, Justi\u00e7a e Cidadania (CCJ), o texto seguir\u00e1 para dois turnos de vota\u00e7\u00e3o em Plen\u00e1rio.<\/p>\n<p>Fonte: Ag\u00eancia Senado<\/p>\n","protected":false},"excerpt":{"rendered":"<p>O aumento na arrecada\u00e7\u00e3o dos munic\u00edpios, reivindica\u00e7\u00e3o antiga dos prefeitos, \u00e9 o objetivo de proposta de Emenda \u00e0 Constitui\u00e7\u00e3o em an\u00e1lise na Comiss\u00e3o de Constitui\u00e7\u00e3o, Justi\u00e7a e Cidadania (CCJ). O texto garante \u00e0s prefeituras uma porcentagem da arrecada\u00e7\u00e3o de novos impostos institu\u00eddos pela Uni\u00e3o. Essa previs\u00e3o j\u00e1 existe na Constitui\u00e7\u00e3o para os Estados e o [&hellip;]<\/p>\n","protected":false},"author":96,"featured_media":90149,"comment_status":"closed","ping_status":"closed","sticky":false,"template":"","format":"standard","meta":{"footnotes":""},"categories":[254],"tags":[],"class_list":["post-90150","post","type-post","status-publish","format-standard","has-post-thumbnail","hentry","category-politica"],"_links":{"self":[{"href":"https:\/\/diarioregionaldigital.com.br\/index.php?rest_route=\/wp\/v2\/posts\/90150","targetHints":{"allow":["GET"]}}],"collection":[{"href":"https:\/\/diarioregionaldigital.com.br\/index.php?rest_route=\/wp\/v2\/posts"}],"about":[{"href":"https:\/\/diarioregionaldigital.com.br\/index.php?rest_route=\/wp\/v2\/types\/post"}],"author":[{"embeddable":true,"href":"https:\/\/diarioregionaldigital.com.br\/index.php?rest_route=\/wp\/v2\/users\/96"}],"replies":[{"embeddable":true,"href":"https:\/\/diarioregionaldigital.com.br\/index.php?rest_route=%2Fwp%2Fv2%2Fcomments&post=90150"}],"version-history":[{"count":0,"href":"https:\/\/diarioregionaldigital.com.br\/index.php?rest_route=\/wp\/v2\/posts\/90150\/revisions"}],"wp:featuredmedia":[{"embeddable":true,"href":"https:\/\/diarioregionaldigital.com.br\/index.php?rest_route=\/wp\/v2\/media\/90149"}],"wp:attachment":[{"href":"https:\/\/diarioregionaldigital.com.br\/index.php?rest_route=%2Fwp%2Fv2%2Fmedia&parent=90150"}],"wp:term":[{"taxonomy":"category","embeddable":true,"href":"https:\/\/diarioregionaldigital.com.br\/index.php?rest_route=%2Fwp%2Fv2%2Fcategories&post=90150"},{"taxonomy":"post_tag","embeddable":true,"href":"https:\/\/diarioregionaldigital.com.br\/index.php?rest_route=%2Fwp%2Fv2%2Ftags&post=90150"}],"curies":[{"name":"wp","href":"https:\/\/api.w.org\/{rel}","templated":true}]}}