{"id":90148,"date":"2018-01-22T18:15:05","date_gmt":"2018-01-22T20:15:05","guid":{"rendered":"http:\/\/diarioregionaljf.com.br\/2018\/01\/22\/mais-de-23-mil-doses-da-vacina-contra-a-febre-amarela-ja-foram-aplicadas-em-jf\/"},"modified":"2018-01-22T18:15:05","modified_gmt":"2018-01-22T20:15:05","slug":"mais-de-23-mil-doses-da-vacina-contra-a-febre-amarela-ja-foram-aplicadas-em-jf","status":"publish","type":"post","link":"https:\/\/diarioregionaldigital.com.br\/?p=90148","title":{"rendered":"Mais de 23 mil doses da vacina contra a febre amarela j\u00e1 foram aplicadas em JF"},"content":{"rendered":"<p>Segundo informa\u00e7\u00f5es da Secretaria de Sa\u00fade (SS) da Prefeitura de Juiz de Fora (PJF), dados do Setor de Imuniza\u00e7\u00e3o da Subsecretaria de Vigil\u00e2ncia Epidemiol\u00f3gica apontam que 23.638 juiz-foranos foram imunizados contra a febre amarela somente nos primeiros 20 dias de janeiro deste ano. No \u00faltimo s\u00e1bado, 20, quando os postos ficaram abertos das 8h \u00e0s 17h, foram aplicadas 9.818 doses da vacina.<\/p>\n<p>Segundo a SS, comparada com os n\u00fameros de dezembro de 2017, quando 686 doses foram aplicadas, a demanda aumentou 35 vezes. Com estas doses, segundo c\u00e1lculos da SS, a cobertura da cidade chega aos 91.55%. No entanto, a Prefeitura persegue a meta dos 95% preconizados pelo Minist\u00e9rio da Sa\u00fade (MS), percentual que espera ser atingido at\u00e9 2 de fevereiro.<\/p>\n<p>A Secretaria refor\u00e7a que, neste per\u00edodo, os postos estar\u00e3o vacinando contra a doen\u00e7a tamb\u00e9m no hor\u00e1rio de almo\u00e7o, das 11h \u00e0s 13h, para facilitar o acesso daqueles que tenham algum problema de hor\u00e1rio.<\/p>\n<p>&nbsp;<\/p>\n<p>Colabora\u00e7\u00e3o Assessoria<\/p>\n","protected":false},"excerpt":{"rendered":"<p>Segundo informa\u00e7\u00f5es da Secretaria de Sa\u00fade (SS) da Prefeitura de Juiz de Fora (PJF), dados do Setor de Imuniza\u00e7\u00e3o da Subsecretaria de Vigil\u00e2ncia Epidemiol\u00f3gica apontam que 23.638 juiz-foranos foram imunizados contra a febre amarela somente nos primeiros 20 dias de janeiro deste ano. No \u00faltimo s\u00e1bado, 20, quando os postos ficaram abertos das 8h \u00e0s [&hellip;]<\/p>\n","protected":false},"author":96,"featured_media":90147,"comment_status":"closed","ping_status":"closed","sticky":false,"template":"","format":"standard","meta":{"footnotes":""},"categories":[253],"tags":[],"class_list":["post-90148","post","type-post","status-publish","format-standard","has-post-thumbnail","hentry","category-cidade"],"_links":{"self":[{"href":"https:\/\/diarioregionaldigital.com.br\/index.php?rest_route=\/wp\/v2\/posts\/90148","targetHints":{"allow":["GET"]}}],"collection":[{"href":"https:\/\/diarioregionaldigital.com.br\/index.php?rest_route=\/wp\/v2\/posts"}],"about":[{"href":"https:\/\/diarioregionaldigital.com.br\/index.php?rest_route=\/wp\/v2\/types\/post"}],"author":[{"embeddable":true,"href":"https:\/\/diarioregionaldigital.com.br\/index.php?rest_route=\/wp\/v2\/users\/96"}],"replies":[{"embeddable":true,"href":"https:\/\/diarioregionaldigital.com.br\/index.php?rest_route=%2Fwp%2Fv2%2Fcomments&post=90148"}],"version-history":[{"count":0,"href":"https:\/\/diarioregionaldigital.com.br\/index.php?rest_route=\/wp\/v2\/posts\/90148\/revisions"}],"wp:featuredmedia":[{"embeddable":true,"href":"https:\/\/diarioregionaldigital.com.br\/index.php?rest_route=\/wp\/v2\/media\/90147"}],"wp:attachment":[{"href":"https:\/\/diarioregionaldigital.com.br\/index.php?rest_route=%2Fwp%2Fv2%2Fmedia&parent=90148"}],"wp:term":[{"taxonomy":"category","embeddable":true,"href":"https:\/\/diarioregionaldigital.com.br\/index.php?rest_route=%2Fwp%2Fv2%2Fcategories&post=90148"},{"taxonomy":"post_tag","embeddable":true,"href":"https:\/\/diarioregionaldigital.com.br\/index.php?rest_route=%2Fwp%2Fv2%2Ftags&post=90148"}],"curies":[{"name":"wp","href":"https:\/\/api.w.org\/{rel}","templated":true}]}}