{"id":90072,"date":"2018-01-19T21:11:11","date_gmt":"2018-01-19T23:11:11","guid":{"rendered":"http:\/\/diarioregionaljf.com.br\/2018\/01\/19\/pjf-divulga-convocacao-para-docentes-de-matematica\/"},"modified":"2018-01-19T21:11:11","modified_gmt":"2018-01-19T23:11:11","slug":"pjf-divulga-convocacao-para-docentes-de-matematica","status":"publish","type":"post","link":"https:\/\/diarioregionaldigital.com.br\/?p=90072","title":{"rendered":"PJF divulga convoca\u00e7\u00e3o para docentes de matem\u00e1tica"},"content":{"rendered":"<p>A Prefeitura de Juiz de Fora (PJF) divulgou nesta sexta-feira, 19, a listagem de convoca\u00e7\u00e3o dos candidatos aprovados no processo seletivo de contrata\u00e7\u00e3o de professores para atua\u00e7\u00e3o no ano letivo de 2018 (Edital n\u00ba 336). A chamada \u00e9 para docentes de matem\u00e1tica, que devem comparecer ao Centro de Forma\u00e7\u00e3o do Professor (Avenida Get\u00falio Vargas, n\u00ba 200, Centro) nesta segunda ou ter\u00e7a-feira, 22 ou 23, para escolha da vaga. O dia e hor\u00e1rio de apresenta\u00e7\u00e3o podem ser conferidos <a href=\"https:\/\/www.pjf.mg.gov.br\/e_atos\/e_atos_vis.php?id=58643\" target=\"_blank\" rel=\"noopener noreferrer\">aqui<\/a> e <a href=\"https:\/\/www.pjf.mg.gov.br\/e_atos\/e_atos_vis.php?id=58647\" target=\"_blank\" rel=\"noopener noreferrer\">aqui<\/a>.<\/p>\n<p>A fase de chamadas dever\u00e1 ocorrer durante todo este m\u00eas, e os candidatos devem acompanhar as publica\u00e7\u00f5es no \u201cAtos do Governo\u201d ou na se\u00e7\u00e3o \u201cContrata\u00e7\u00e3o tempor\u00e1ria\u201d, no site da PJF. Desde o in\u00edcio do m\u00eas a PJF vem divulgando listagens de convoca\u00e7\u00e3o para docentes nas diversas \u00e1reas de atua\u00e7\u00e3o. J\u00e1 foram contratados professores de biologia, filosofia, espanhol, qu\u00edmica, f\u00edsica, teatro, artes visuais, capoeira, hist\u00f3ria, dan\u00e7a, m\u00fasica educa\u00e7\u00e3o infantil, anos iniciais\/educa\u00e7\u00e3o de jovens e adultos (EJA) e portugu\u00eas.<\/p>\n<p>&nbsp;<\/p>\n<p>Fonte: Assessoria<\/p>\n","protected":false},"excerpt":{"rendered":"<p>A Prefeitura de Juiz de Fora (PJF) divulgou nesta sexta-feira, 19, a listagem de convoca\u00e7\u00e3o dos candidatos aprovados no processo seletivo de contrata\u00e7\u00e3o de professores para atua\u00e7\u00e3o no ano letivo de 2018 (Edital n\u00ba 336). A chamada \u00e9 para docentes de matem\u00e1tica, que devem comparecer ao Centro de Forma\u00e7\u00e3o do Professor (Avenida Get\u00falio Vargas, n\u00ba [&hellip;]<\/p>\n","protected":false},"author":96,"featured_media":90071,"comment_status":"closed","ping_status":"closed","sticky":false,"template":"","format":"standard","meta":{"footnotes":""},"categories":[280],"tags":[],"class_list":["post-90072","post","type-post","status-publish","format-standard","has-post-thumbnail","hentry","category-concurso"],"_links":{"self":[{"href":"https:\/\/diarioregionaldigital.com.br\/index.php?rest_route=\/wp\/v2\/posts\/90072","targetHints":{"allow":["GET"]}}],"collection":[{"href":"https:\/\/diarioregionaldigital.com.br\/index.php?rest_route=\/wp\/v2\/posts"}],"about":[{"href":"https:\/\/diarioregionaldigital.com.br\/index.php?rest_route=\/wp\/v2\/types\/post"}],"author":[{"embeddable":true,"href":"https:\/\/diarioregionaldigital.com.br\/index.php?rest_route=\/wp\/v2\/users\/96"}],"replies":[{"embeddable":true,"href":"https:\/\/diarioregionaldigital.com.br\/index.php?rest_route=%2Fwp%2Fv2%2Fcomments&post=90072"}],"version-history":[{"count":0,"href":"https:\/\/diarioregionaldigital.com.br\/index.php?rest_route=\/wp\/v2\/posts\/90072\/revisions"}],"wp:featuredmedia":[{"embeddable":true,"href":"https:\/\/diarioregionaldigital.com.br\/index.php?rest_route=\/wp\/v2\/media\/90071"}],"wp:attachment":[{"href":"https:\/\/diarioregionaldigital.com.br\/index.php?rest_route=%2Fwp%2Fv2%2Fmedia&parent=90072"}],"wp:term":[{"taxonomy":"category","embeddable":true,"href":"https:\/\/diarioregionaldigital.com.br\/index.php?rest_route=%2Fwp%2Fv2%2Fcategories&post=90072"},{"taxonomy":"post_tag","embeddable":true,"href":"https:\/\/diarioregionaldigital.com.br\/index.php?rest_route=%2Fwp%2Fv2%2Ftags&post=90072"}],"curies":[{"name":"wp","href":"https:\/\/api.w.org\/{rel}","templated":true}]}}