{"id":90070,"date":"2018-01-19T21:08:46","date_gmt":"2018-01-19T23:08:46","guid":{"rendered":"http:\/\/diarioregionaljf.com.br\/2018\/01\/19\/sel-realiza-reuniao-com-clubes-para-definir-diretrizes-para-o-estadio-municipal-em-2018\/"},"modified":"2018-01-19T21:08:46","modified_gmt":"2018-01-19T23:08:46","slug":"sel-realiza-reuniao-com-clubes-para-definir-diretrizes-para-o-estadio-municipal-em-2018","status":"publish","type":"post","link":"https:\/\/diarioregionaldigital.com.br\/?p=90070","title":{"rendered":"SEL realiza reuni\u00e3o com clubes para definir diretrizes para o Est\u00e1dio Municipal em 2018"},"content":{"rendered":"<p>Na sexta-feira, 19, a Secretaria de Esporte e Lazer (SEL) da Prefeitura de Juiz de Fora (PJF) realizou reuni\u00e3o para apresentar aos clubes de futebol profissional locais, Tupi e Tupynamb\u00e1s, al\u00e9m da Guarda Municipal (GM) e Pol\u00edcia Militar (PM), as diretrizes e o Plano de A\u00e7\u00e3o do Est\u00e1dio Municipal \u201cRadialista Mario Hel\u00eanio\u201d para 2018. Durante o encontro foram apontadas quest\u00f5es de organiza\u00e7\u00e3o e seguran\u00e7a para a realiza\u00e7\u00e3o das partidas de futebol que acontecer\u00e3o ao longo do ano. Est\u00e3o previstas para o Est\u00e1dio Municipal 12 partidas no primeiro semestre, tendo em vista que as duas equipes jogar\u00e3o seis jogos cada nesse per\u00edodo, pelo Campeonato Mineiro. No segundo semestre o Tupi ter\u00e1 nove partidas em Juiz de Fora, pela primeira fase do Campeonato Brasileiro.<\/p>\n<p> As equipes apresentaram demandas relacionadas a quest\u00f5es de treinamento na semana que antecede o jogo e divulga\u00e7\u00e3o de material institucional durante as partidas, entre outras, debatidas ao longo da reuni\u00e3o.<\/p>\n<p> O foco da PM foi chamar aten\u00e7\u00e3o das equipes para as quest\u00f5es de seguran\u00e7a, al\u00e9m de destacar as melhorias realizadas pela Prefeitura no ano passado, no \u201cMario Hel\u00eanio\u201d, solicitadas pela corpora\u00e7\u00e3o. Entre elas, o novo corredor, com dois alambrados, na entrada do P\u00f3rtico 1, para separar os torcedores das equipes, da arbitragem e de outros profissionais que trabalham durante os jogos.<\/p>\n<p> &#8220;Essas melhorias, com certeza, trazem mais seguran\u00e7a aos torcedores que v\u00e3o aos jogos no Est\u00e1dio Municipal&#8221;, avaliou o tenente-coronel Neir Adriano de Souza, da PM.<\/p>\n<p> O tema mais discutido foi o Plano de A\u00e7\u00e3o do Est\u00e1dio, que come\u00e7ou a valer no s\u00e1bado, 20, na partida entre Tupi e Uberl\u00e2ndia, em Juiz de Fora.<\/p>\n<p> \u201cO objetivo maior da nossa reuni\u00e3o \u00e9 justamente o di\u00e1logo entre o poder p\u00fablico e as institui\u00e7\u00f5es que fazem parte dos eventos esportivos no nosso munic\u00edpio, para que possamos, juntos, discutir as melhores op\u00e7\u00f5es para eventos com qualidade, responsabilidade e, principalmente, seguran\u00e7a\u201d, disse o secret\u00e1rio Julio Gasparette, da SEL.<\/p>\n<p><strong>Fonte: Assessoria\/SEL<\/strong><\/p>\n<p><strong>&nbsp;<\/strong><\/p>\n","protected":false},"excerpt":{"rendered":"<p>Na sexta-feira, 19, a Secretaria de Esporte e Lazer (SEL) da Prefeitura de Juiz de Fora (PJF) realizou reuni\u00e3o para apresentar aos clubes de futebol profissional locais, Tupi e Tupynamb\u00e1s, al\u00e9m da Guarda Municipal (GM) e Pol\u00edcia Militar (PM), as diretrizes e o Plano de A\u00e7\u00e3o do Est\u00e1dio Municipal \u201cRadialista Mario Hel\u00eanio\u201d para 2018. Durante [&hellip;]<\/p>\n","protected":false},"author":96,"featured_media":90069,"comment_status":"closed","ping_status":"closed","sticky":false,"template":"","format":"standard","meta":{"footnotes":""},"categories":[257],"tags":[],"class_list":["post-90070","post","type-post","status-publish","format-standard","has-post-thumbnail","hentry","category-esporte"],"_links":{"self":[{"href":"https:\/\/diarioregionaldigital.com.br\/index.php?rest_route=\/wp\/v2\/posts\/90070","targetHints":{"allow":["GET"]}}],"collection":[{"href":"https:\/\/diarioregionaldigital.com.br\/index.php?rest_route=\/wp\/v2\/posts"}],"about":[{"href":"https:\/\/diarioregionaldigital.com.br\/index.php?rest_route=\/wp\/v2\/types\/post"}],"author":[{"embeddable":true,"href":"https:\/\/diarioregionaldigital.com.br\/index.php?rest_route=\/wp\/v2\/users\/96"}],"replies":[{"embeddable":true,"href":"https:\/\/diarioregionaldigital.com.br\/index.php?rest_route=%2Fwp%2Fv2%2Fcomments&post=90070"}],"version-history":[{"count":0,"href":"https:\/\/diarioregionaldigital.com.br\/index.php?rest_route=\/wp\/v2\/posts\/90070\/revisions"}],"wp:featuredmedia":[{"embeddable":true,"href":"https:\/\/diarioregionaldigital.com.br\/index.php?rest_route=\/wp\/v2\/media\/90069"}],"wp:attachment":[{"href":"https:\/\/diarioregionaldigital.com.br\/index.php?rest_route=%2Fwp%2Fv2%2Fmedia&parent=90070"}],"wp:term":[{"taxonomy":"category","embeddable":true,"href":"https:\/\/diarioregionaldigital.com.br\/index.php?rest_route=%2Fwp%2Fv2%2Fcategories&post=90070"},{"taxonomy":"post_tag","embeddable":true,"href":"https:\/\/diarioregionaldigital.com.br\/index.php?rest_route=%2Fwp%2Fv2%2Ftags&post=90070"}],"curies":[{"name":"wp","href":"https:\/\/api.w.org\/{rel}","templated":true}]}}