{"id":90068,"date":"2018-01-19T21:05:05","date_gmt":"2018-01-19T23:05:05","guid":{"rendered":"http:\/\/diarioregionaljf.com.br\/2018\/01\/19\/a-forca-latente\/"},"modified":"2018-04-16T08:09:55","modified_gmt":"2018-04-16T11:09:55","slug":"a-forca-latente","status":"publish","type":"post","link":"https:\/\/diarioregionaldigital.com.br\/?p=90068","title":{"rendered":"A For\u00e7a Latente"},"content":{"rendered":"<p style=\"text-align: center;\">Certo jovem visitou um milion\u00e1rio e lhe perguntou: &#8211; Qual o segredo para alcan\u00e7ar \u00eaxito nos empreendimentos?<br \/>O milion\u00e1rio respondeu:<br \/>&#8211; N\u00e3o existe segredo. \u00caxito n\u00e3o \u00e9 algo que se consegue num passe de m\u00e1gica. Quem quiser alcan\u00e7ar \u00eaxito na vida deve se esfor\u00e7ar constantemente, valorizando cada minuto, de modo a se desenvolver e melhorar cada vez mais.<br \/>S\u00e3o palavras realmente s\u00e1bias.<br \/>Outro jovem procurou esse milion\u00e1rio e lhe fez a mesma pergunta. O milion\u00e1rio respondeu:<br \/>&#8211; N\u00e3o existe segredo. O que voc\u00ea deve fazer \u00e9 estudar bastante e adquirir pleno conhecimento sobre o seu of\u00edcio. Seja muito atento no seu trabalho, aprenda cada vez mais, at\u00e9 se tornar um profissional capaz de responder a qualquer pergunta que os outros lhe fizerem sobre o seu trabalho.<\/p>\n<p style=\"text-align: center;\"><span class=\"h4\">Para ter sa\u00fade e vida longa<\/span><br \/>Tudo que \u00e9 in\u00fatil acaba se extinguindo. Precisamos, pois, ser pessoas \u00fateis. Quando uma pessoa se aposenta e<br \/>passa a levar uma vida inativa, come\u00e7a a envelhecer rapidamente. O ser humano nasce neste mundo para ser \u00fatil ao seu meio. Quando ele deixa de ser \u00fatil para o mundo, \u00e9 dis-pensado. Ser dispensado deste mundo \u00e9 adoecer e morrer.<br \/>O mundo n\u00e3o necessita de pessoas irasc\u00edveis. Raiva \u00e9 desnecess\u00e1ria ao mundo. Por isso, quem vive tendo ataques de raiva \u00e9 suscet\u00edvel a doen\u00e7as e encurta a pr\u00f3pria vida.<br \/>O mundo n\u00e3o necessita de tristeza, pois esse senti-mento torna a vida sombria. Por isso, as pessoas que se entregam \u00e0 tristeza por qualquer motivo tamb\u00e9m s\u00e3o suscet\u00edveis a doen\u00e7as e encurtam a pr\u00f3pria vida.<br \/>O mundo n\u00e3o necessita de maledic\u00eancias. Quanto maior o n\u00famero de pessoas que falam mal dos outros, mais desagrad\u00e1vel e dif\u00edcil de habitar o mundo se torna. Pessoas que vivem tecendo cal\u00fanias tamb\u00e9m s\u00e3o suscet\u00edveis a doen\u00e7as e encurtam a pr\u00f3pria vida.<br \/>Conforme o princ\u00edpio da cria\u00e7\u00e3o, os indiv\u00edduos des-necess\u00e1rios ao mundo acabam se arruinando, e somente os indiv\u00edduos necess\u00e1rios vicejam e prosperam.<br \/>Pessoas que recebem elogios de Deus<br \/>Pessoas necess\u00e1rias a este mundo s\u00e3o aquelas que contribuem para torn\u00e1-lo alegre e agrad\u00e1vel de morar, pois essa \u00e9 a miss\u00e3o que o ser humano recebeu de Deus. Aqueles que cumprem essa miss\u00e3o recebem elogios e felicita\u00e7\u00f5es de Deus. Ser elogiado por Deus significa ser promovido por Ele; ser felicitado por Deus significa ser aben\u00e7oado com a sa\u00fade.<br \/>Voc\u00ea est\u00e1 sendo elogiado e felicitado por Deus? Vol-te-se para o interior de si pr\u00f3prio e efetue uma honesta auto avalia\u00e7\u00e3o.<\/p>\n<p style=\"text-align: center;\"><span class=\"h4\">Pessoas \u00fateis ao&nbsp;mundo s\u00e3o elogiadas por Deus<\/span><br \/>Pessoas \u00fateis ao mundo s\u00e3o aquelas que trabalham com afinco para o bem de todos. Talvez haja pessoas que se entregam ao \u00f3cio alegando necessidade de repouso. Mas voc\u00ea j\u00e1 imaginou se seu cora\u00e7\u00e3o pensasse como essas pessoas? Que lhe acontecer\u00e1 se o seu cora\u00e7\u00e3o resolver descansar ainda que seja por apenas um minuto? Com cer-teza, voc\u00ea morrer\u00e1.<br \/>Pessoas que proporcionam alegria ao mundo s\u00e3o fe-licitadas por Deus. S\u00e3o pessoas que possuem alegria dentro de si; que t\u00eam a fisionomia iluminada pelo sorriso; que s\u00e3o capazes de enfrentar e vencer as dificuldades, com sorriso de otimismo; que proporcionam alegria aos outros simplesmente com sua presen\u00e7a.<br \/>Tais pessoas s\u00e3o felicitadas por Deus e obt\u00eam sa\u00fade e energia; s\u00e3o elogiadas por Deus e alcan\u00e7am \u00eaxito na vida.<\/p>\n","protected":false},"excerpt":{"rendered":"<p>Certo jovem visitou um milion\u00e1rio e lhe perguntou: &#8211; Qual o segredo para alcan\u00e7ar \u00eaxito nos empreendimentos?O milion\u00e1rio respondeu:&#8211; N\u00e3o existe segredo. \u00caxito n\u00e3o \u00e9 algo que se consegue num passe de m\u00e1gica. Quem quiser alcan\u00e7ar \u00eaxito na vida deve se esfor\u00e7ar constantemente, valorizando cada minuto, de modo a se desenvolver e melhorar cada vez [&hellip;]<\/p>\n","protected":false},"author":96,"featured_media":0,"comment_status":"closed","ping_status":"closed","sticky":false,"template":"","format":"standard","meta":{"footnotes":""},"categories":[263],"tags":[],"class_list":["post-90068","post","type-post","status-publish","format-standard","hentry","category-jane-aragao"],"_links":{"self":[{"href":"https:\/\/diarioregionaldigital.com.br\/index.php?rest_route=\/wp\/v2\/posts\/90068","targetHints":{"allow":["GET"]}}],"collection":[{"href":"https:\/\/diarioregionaldigital.com.br\/index.php?rest_route=\/wp\/v2\/posts"}],"about":[{"href":"https:\/\/diarioregionaldigital.com.br\/index.php?rest_route=\/wp\/v2\/types\/post"}],"author":[{"embeddable":true,"href":"https:\/\/diarioregionaldigital.com.br\/index.php?rest_route=\/wp\/v2\/users\/96"}],"replies":[{"embeddable":true,"href":"https:\/\/diarioregionaldigital.com.br\/index.php?rest_route=%2Fwp%2Fv2%2Fcomments&post=90068"}],"version-history":[{"count":0,"href":"https:\/\/diarioregionaldigital.com.br\/index.php?rest_route=\/wp\/v2\/posts\/90068\/revisions"}],"wp:attachment":[{"href":"https:\/\/diarioregionaldigital.com.br\/index.php?rest_route=%2Fwp%2Fv2%2Fmedia&parent=90068"}],"wp:term":[{"taxonomy":"category","embeddable":true,"href":"https:\/\/diarioregionaldigital.com.br\/index.php?rest_route=%2Fwp%2Fv2%2Fcategories&post=90068"},{"taxonomy":"post_tag","embeddable":true,"href":"https:\/\/diarioregionaldigital.com.br\/index.php?rest_route=%2Fwp%2Fv2%2Ftags&post=90068"}],"curies":[{"name":"wp","href":"https:\/\/api.w.org\/{rel}","templated":true}]}}