{"id":90065,"date":"2018-01-19T20:58:52","date_gmt":"2018-01-19T22:58:52","guid":{"rendered":"http:\/\/diarioregionaljf.com.br\/2018\/01\/19\/inscricoes-para-processos-seletivos-de-medicos-da-pjf-terminam-nesta-segunda-feira\/"},"modified":"2018-01-19T20:58:52","modified_gmt":"2018-01-19T22:58:52","slug":"inscricoes-para-processos-seletivos-de-medicos-da-pjf-terminam-nesta-segunda-feira","status":"publish","type":"post","link":"https:\/\/diarioregionaldigital.com.br\/?p=90065","title":{"rendered":"Inscri\u00e7\u00f5es para processos seletivos de m\u00e9dicos da PJF terminam nesta segunda-feira"},"content":{"rendered":"<p>Podem ser realizadas at\u00e9 as 18h desta segunda-feira, 22, as inscri\u00e7\u00f5es para os processos seletivos simplificados para contrata\u00e7\u00e3o tempor\u00e1ria de m\u00e9dicos I, com atua\u00e7\u00e3o cl\u00ednica na \u00e1rea de traumatologia e cirurgia geral (Edital n\u00ba 349-SARH &#8211; Secretaria de Administra\u00e7\u00e3o e Recursos Humanos) e Sa\u00fade da Fam\u00edlia e Comunidade (Edital n\u00ba 348-SARH).<\/p>\n<p>Est\u00e3o dispon\u00edveis os requisitos que podem ser conferidos no <a href=\"https:\/\/www.pjf.mg.gov.br\/e_atos\/e_atos_vis.php?id=58507\" target=\"_blank\" rel=\"noopener noreferrer\">Edital N.\u00ba 348<\/a> e no <a href=\"https:\/\/www.pjf.mg.gov.br\/e_atos\/e_atos_vis.php?id=58511\" target=\"_blank\" rel=\"noopener noreferrer\">Edital N.\u00ba 349<\/a>.<\/p>\n<p>As inscri\u00e7\u00f5es devem ser feitas no <a href=\"https:\/\/www.pjf.mg.gov.br\/\" target=\"_blank\" rel=\"noopener noreferrer\">site da Prefeitura de Juiz de Fora (PJF)<\/a>. O candidato que j\u00e1 realizou inscri\u00e7\u00f5es em processos seletivos anteriores da PJF e esqueceu sua senha, poder\u00e1 resgat\u00e1-la no momento da inscri\u00e7\u00e3o, atrav\u00e9s do \u00edcone \u201cEsqueceu sua senha? Clique aqui\u201d, informando n\u00famero do Cadastro de Pessoa F\u00edsica (CPF) e data de nascimento.<\/p>\n<p>Os candidatos ter\u00e3o de entregar os t\u00edtulos para valida\u00e7\u00e3o das informa\u00e7\u00f5es prestadas na inscri\u00e7\u00e3o nos dias 23 ou 24, no audit\u00f3rio do pr\u00e9dio sede da PJF, Av. Brasil, n\u00ba 2.001 &#8211; 1\u00ba andar, no hor\u00e1rio de 8h30 as 11h30 ou 14h30 as 17h30. A documenta\u00e7\u00e3o referente aos t\u00edtulos, com c\u00f3pia do documento de identidade, ser\u00e1 entregue pessoalmente, ou por terceiros, em envelope lacrado e devidamente identificado, com nome completo do candidato, cargo e n\u00famero de inscri\u00e7\u00e3o.<\/p>\n<p>Com o envelope dever\u00e1 ser entregue o comprovante de inscri\u00e7\u00e3o, que servir\u00e1 de recibo para o candidato.<\/p>\n<p>&nbsp;<\/p>\n<p>Fonte: Assessoria<\/p>\n","protected":false},"excerpt":{"rendered":"<p>Podem ser realizadas at\u00e9 as 18h desta segunda-feira, 22, as inscri\u00e7\u00f5es para os processos seletivos simplificados para contrata\u00e7\u00e3o tempor\u00e1ria de m\u00e9dicos I, com atua\u00e7\u00e3o cl\u00ednica na \u00e1rea de traumatologia e cirurgia geral (Edital n\u00ba 349-SARH &#8211; Secretaria de Administra\u00e7\u00e3o e Recursos Humanos) e Sa\u00fade da Fam\u00edlia e Comunidade (Edital n\u00ba 348-SARH). Est\u00e3o dispon\u00edveis os requisitos [&hellip;]<\/p>\n","protected":false},"author":96,"featured_media":90064,"comment_status":"closed","ping_status":"closed","sticky":false,"template":"","format":"standard","meta":{"footnotes":""},"categories":[280],"tags":[],"class_list":["post-90065","post","type-post","status-publish","format-standard","has-post-thumbnail","hentry","category-concurso"],"_links":{"self":[{"href":"https:\/\/diarioregionaldigital.com.br\/index.php?rest_route=\/wp\/v2\/posts\/90065","targetHints":{"allow":["GET"]}}],"collection":[{"href":"https:\/\/diarioregionaldigital.com.br\/index.php?rest_route=\/wp\/v2\/posts"}],"about":[{"href":"https:\/\/diarioregionaldigital.com.br\/index.php?rest_route=\/wp\/v2\/types\/post"}],"author":[{"embeddable":true,"href":"https:\/\/diarioregionaldigital.com.br\/index.php?rest_route=\/wp\/v2\/users\/96"}],"replies":[{"embeddable":true,"href":"https:\/\/diarioregionaldigital.com.br\/index.php?rest_route=%2Fwp%2Fv2%2Fcomments&post=90065"}],"version-history":[{"count":0,"href":"https:\/\/diarioregionaldigital.com.br\/index.php?rest_route=\/wp\/v2\/posts\/90065\/revisions"}],"wp:featuredmedia":[{"embeddable":true,"href":"https:\/\/diarioregionaldigital.com.br\/index.php?rest_route=\/wp\/v2\/media\/90064"}],"wp:attachment":[{"href":"https:\/\/diarioregionaldigital.com.br\/index.php?rest_route=%2Fwp%2Fv2%2Fmedia&parent=90065"}],"wp:term":[{"taxonomy":"category","embeddable":true,"href":"https:\/\/diarioregionaldigital.com.br\/index.php?rest_route=%2Fwp%2Fv2%2Fcategories&post=90065"},{"taxonomy":"post_tag","embeddable":true,"href":"https:\/\/diarioregionaldigital.com.br\/index.php?rest_route=%2Fwp%2Fv2%2Ftags&post=90065"}],"curies":[{"name":"wp","href":"https:\/\/api.w.org\/{rel}","templated":true}]}}