{"id":90063,"date":"2018-01-19T20:49:45","date_gmt":"2018-01-19T22:49:45","guid":{"rendered":"http:\/\/diarioregionaljf.com.br\/2018\/01\/19\/mais-da-metade-dos-casos-de-macacos-encontrados-mortos-este-ano-estao-sendo-investigados\/"},"modified":"2018-01-19T20:49:45","modified_gmt":"2018-01-19T22:49:45","slug":"mais-da-metade-dos-casos-de-macacos-encontrados-mortos-este-ano-estao-sendo-investigados","status":"publish","type":"post","link":"https:\/\/diarioregionaldigital.com.br\/?p=90063","title":{"rendered":"Mais da metade dos casos de macacos encontrados mortos este ano est\u00e3o sendo investigados"},"content":{"rendered":"<p>A Secretaria de Sa\u00fade (SS) da Prefeitura de Juiz de Fora (PJF) informou que 16 primatas encontrados mortos este ano ainda est\u00e3o sob investiga\u00e7\u00e3o. Somente nessa quinta-feira, 18, quatro animais foram encontrados e tr\u00eas tiveram material recolhido e enviado para an\u00e1lise junto \u00e0 Funda\u00e7\u00e3o \u201cEzequiel Dias\u201d (Funed), em Belo Horizonte.<\/p>\n<p>Vale lembrar, que os primatas s\u00e3o sentinelas e sinalizam onde o Poder p\u00fablico deve agir.<\/p>\n<h4>CONFIRA A TABELA DE MACACOS ENCONTRADOS ESTE ANO<\/h4>\n<table>\n<tbody>\n<tr>\n<td style=\"width: 192px; text-align: center;\">\n<p><strong>Data<\/strong><\/p>\n<\/td>\n<td style=\"width: 192px; text-align: center;\">\n<p><strong>Local<\/strong><\/p>\n<\/td>\n<td style=\"width: 192px; text-align: center;\">\n<p><strong>Resultado<\/strong><\/p>\n<\/td>\n<\/tr>\n<tr>\n<td style=\"width: 192px; text-align: center;\">\n<p>03\/01\/18<\/p>\n<\/td>\n<td style=\"width: 192px; text-align: center;\">\n<p>Museu Mariano Proc\u00f3pio<\/p>\n<\/td>\n<td style=\"width: 192px; text-align: center;\">\n<p><strong>Positivo<\/strong><\/p>\n<\/td>\n<\/tr>\n<tr>\n<td style=\"width: 192px; text-align: center;\">\n<p>04\/01\/18<\/p>\n<\/td>\n<td style=\"width: 192px; text-align: center;\">\n<p>Floresta<\/p>\n<\/td>\n<td style=\"width: 192px; text-align: center;\">\n<p>Animal descartado<\/p>\n<\/td>\n<\/tr>\n<tr>\n<td style=\"width: 192px; text-align: center;\">\n<p>05\/01\/18<\/p>\n<\/td>\n<td style=\"width: 192px; text-align: center;\">\n<p>Palmital<\/p>\n<\/td>\n<td style=\"width: 192px; text-align: center;\">\n<p><strong>Positivo<\/strong><\/p>\n<\/td>\n<\/tr>\n<tr>\n<td style=\"width: 192px; text-align: center;\">\n<p>06\/01\/18<\/p>\n<\/td>\n<td style=\"width: 192px; text-align: center;\">\n<p>Vitorino Braga<\/p>\n<\/td>\n<td style=\"width: 192px; text-align: center;\">\n<p>Animal descartado<\/p>\n<\/td>\n<\/tr>\n<tr>\n<td style=\"width: 192px; text-align: center;\">\n<p>08\/01\/18<\/p>\n<\/td>\n<td style=\"width: 192px; text-align: center;\">\n<p>Ros\u00e1rio de Minas (estrada de Valadares)<\/p>\n<\/td>\n<td style=\"width: 192px; text-align: center;\">\n<p>Animal descartado<\/p>\n<\/td>\n<\/tr>\n<tr>\n<td style=\"width: 192px; text-align: center;\">\n<p>10\/01\/18<\/p>\n<\/td>\n<td style=\"width: 192px; text-align: center;\">\n<p>Campus da UFJF<\/p>\n<\/td>\n<td style=\"width: 192px; text-align: center;\">\n<p>Em investiga\u00e7\u00e3o<\/p>\n<\/td>\n<\/tr>\n<tr>\n<td style=\"width: 192px; text-align: center;\">\n<p>11\/01\/18<\/p>\n<\/td>\n<td style=\"width: 192px; text-align: center;\">\n<p>Museu Mariano Proc\u00f3pio<\/p>\n<\/td>\n<td style=\"width: 192px; text-align: center;\">\n<p>Em investiga\u00e7\u00e3o<\/p>\n<\/td>\n<\/tr>\n<tr>\n<td style=\"width: 192px; text-align: center;\">\n<p>12\/01\/18<\/p>\n<\/td>\n<td style=\"width: 192px; text-align: center;\">\n<p>Estrada de Caet\u00e9<\/p>\n<\/td>\n<td style=\"width: 192px; text-align: center;\">\n<p>Em investiga\u00e7\u00e3o<\/p>\n<\/td>\n<\/tr>\n<tr>\n<td style=\"width: 192px; text-align: center;\">\n<p>15\/01\/18<\/p>\n<\/td>\n<td style=\"width: 192px; text-align: center;\">\n<p>Parque S\u00e3o Pedro\/Cai\u00e7aras<\/p>\n<\/td>\n<td style=\"width: 192px; text-align: center;\">\n<p>Animal descartado<\/p>\n<\/td>\n<\/tr>\n<tr>\n<td style=\"width: 192px; text-align: center;\">\n<p>15\/01\/18<\/p>\n<\/td>\n<td style=\"width: 192px; text-align: center;\">\n<p>Linhares<\/p>\n<\/td>\n<td style=\"width: 192px; text-align: center;\">\n<p>Em investiga\u00e7\u00e3o<\/p>\n<\/td>\n<\/tr>\n<tr>\n<td style=\"width: 192px; text-align: center;\">\n<p>15\/01\/18<\/p>\n<\/td>\n<td style=\"width: 192px; text-align: center;\">\n<p>Linhares<\/p>\n<\/td>\n<td style=\"width: 192px; text-align: center;\">\n<p>Em investiga\u00e7\u00e3o<\/p>\n<\/td>\n<\/tr>\n<tr>\n<td style=\"width: 192px; text-align: center;\">\n<p>16\/01\/18<\/p>\n<\/td>\n<td style=\"width: 192px; text-align: center;\">\n<p>Igrejinha<\/p>\n<\/td>\n<td style=\"width: 192px; text-align: center;\">\n<p>Em investiga\u00e7\u00e3o<\/p>\n<\/td>\n<\/tr>\n<tr>\n<td style=\"width: 192px; text-align: center;\">\n<p>16\/01\/18<\/p>\n<\/td>\n<td style=\"width: 192px; text-align: center;\">\n<p>Vitorino Braga<\/p>\n<\/td>\n<td style=\"width: 192px; text-align: center;\">\n<p>Em investiga\u00e7\u00e3o<\/p>\n<\/td>\n<\/tr>\n<tr>\n<td style=\"width: 192px; text-align: center;\">\n<p>16\/01\/18<\/p>\n<\/td>\n<td style=\"width: 192px; text-align: center;\">\n<p>Paineiras<\/p>\n<\/td>\n<td style=\"width: 192px; text-align: center;\">\n<p>Em investiga\u00e7\u00e3o<\/p>\n<\/td>\n<\/tr>\n<tr>\n<td style=\"width: 192px; text-align: center;\">\n<p>16\/01\/18<\/p>\n<\/td>\n<td style=\"width: 192px; text-align: center;\">\n<p>Paineiras<\/p>\n<\/td>\n<td style=\"width: 192px; text-align: center;\">\n<p>Em investiga\u00e7\u00e3o<\/p>\n<\/td>\n<\/tr>\n<tr>\n<td style=\"width: 192px; text-align: center;\">\n<p>16\/01\/18<\/p>\n<\/td>\n<td style=\"width: 192px; text-align: center;\">\n<p>Paineiras<\/p>\n<\/td>\n<td style=\"width: 192px; text-align: center;\">\n<p>Em investiga\u00e7\u00e3o<\/p>\n<\/td>\n<\/tr>\n<tr>\n<td style=\"width: 192px; text-align: center;\">\n<p>16\/01\/18<\/p>\n<\/td>\n<td style=\"width: 192px; text-align: center;\">\n<p>S\u00e3o Pedro<\/p>\n<\/td>\n<td style=\"width: 192px; text-align: center;\">\n<p>Em investiga\u00e7\u00e3o<\/p>\n<\/td>\n<\/tr>\n<tr>\n<td style=\"width: 192px; text-align: center;\">\n<p>16\/01\/18<\/p>\n<\/td>\n<td style=\"width: 192px; text-align: center;\">\n<p>S\u00e3o Pedro<\/p>\n<\/td>\n<td style=\"width: 192px; text-align: center;\">\n<p>Em investiga\u00e7\u00e3o<\/p>\n<\/td>\n<\/tr>\n<tr>\n<td style=\"width: 192px; text-align: center;\">\n<p>16\/01\/18<\/p>\n<\/td>\n<td style=\"width: 192px; text-align: center;\">\n<p>Ros\u00e1rio de Minas<\/p>\n<\/td>\n<td style=\"width: 192px; text-align: center;\">\n<p>Animal descartado<\/p>\n<\/td>\n<\/tr>\n<tr>\n<td style=\"width: 192px; text-align: center;\">\n<p>16\/01\/18<\/p>\n<\/td>\n<td style=\"width: 192px; text-align: center;\">\n<p>Ros\u00e1rio de Minas<\/p>\n<\/td>\n<td style=\"width: 192px; text-align: center;\">\n<p>Animal descartado<\/p>\n<\/td>\n<\/tr>\n<tr>\n<td style=\"width: 192px; text-align: center;\">\n<p>18\/01\/18<\/p>\n<\/td>\n<td style=\"width: 192px; text-align: center;\">\n<p>Eldorado<\/p>\n<\/td>\n<td style=\"width: 192px; text-align: center;\">\n<p>Em investiga\u00e7\u00e3o<\/p>\n<\/td>\n<\/tr>\n<tr>\n<td style=\"width: 192px; text-align: center;\">\n<p>18\/01\/18<\/p>\n<\/td>\n<td style=\"width: 192px; text-align: center;\">\n<p>Teixeiras<\/p>\n<\/td>\n<td style=\"width: 192px; text-align: center;\">\n<p>Em investiga\u00e7\u00e3o<\/p>\n<\/td>\n<\/tr>\n<tr>\n<td style=\"width: 192px; text-align: center;\">\n<p>18\/01\/18<\/p>\n<\/td>\n<td style=\"width: 192px; text-align: center;\">\n<p>Bela Aurora<\/p>\n<\/td>\n<td style=\"width: 192px; text-align: center;\">\n<p>Animal descartado<\/p>\n<\/td>\n<\/tr>\n<tr>\n<td style=\"width: 192px; text-align: center;\">\n<p>18\/01\/18<\/p>\n<\/td>\n<td style=\"width: 192px; text-align: center;\">\n<p>Vale do Ip\u00ea<\/p>\n<\/td>\n<td style=\"width: 192px; text-align: center;\">\n<p>Em investiga\u00e7\u00e3o<\/p>\n<\/td>\n<\/tr>\n<tr>\n<td style=\"width: 192px; text-align: center;\">\n<p>18\/01\/18<\/p>\n<\/td>\n<td style=\"width: 192px; text-align: center;\">\n<p>BR 267 \u2013 km 125\/126<\/p>\n<\/td>\n<td style=\"width: 192px; text-align: center;\">\n<p>Em investiga\u00e7\u00e3o<\/p>\n<\/td>\n<\/tr>\n<\/tbody>\n<\/table>\n","protected":false},"excerpt":{"rendered":"<p>A Secretaria de Sa\u00fade (SS) da Prefeitura de Juiz de Fora (PJF) informou que 16 primatas encontrados mortos este ano ainda est\u00e3o sob investiga\u00e7\u00e3o. Somente nessa quinta-feira, 18, quatro animais foram encontrados e tr\u00eas tiveram material recolhido e enviado para an\u00e1lise junto \u00e0 Funda\u00e7\u00e3o \u201cEzequiel Dias\u201d (Funed), em Belo Horizonte. Vale lembrar, que os primatas [&hellip;]<\/p>\n","protected":false},"author":96,"featured_media":90062,"comment_status":"closed","ping_status":"closed","sticky":false,"template":"","format":"standard","meta":{"footnotes":""},"categories":[253],"tags":[],"class_list":["post-90063","post","type-post","status-publish","format-standard","has-post-thumbnail","hentry","category-cidade"],"_links":{"self":[{"href":"https:\/\/diarioregionaldigital.com.br\/index.php?rest_route=\/wp\/v2\/posts\/90063","targetHints":{"allow":["GET"]}}],"collection":[{"href":"https:\/\/diarioregionaldigital.com.br\/index.php?rest_route=\/wp\/v2\/posts"}],"about":[{"href":"https:\/\/diarioregionaldigital.com.br\/index.php?rest_route=\/wp\/v2\/types\/post"}],"author":[{"embeddable":true,"href":"https:\/\/diarioregionaldigital.com.br\/index.php?rest_route=\/wp\/v2\/users\/96"}],"replies":[{"embeddable":true,"href":"https:\/\/diarioregionaldigital.com.br\/index.php?rest_route=%2Fwp%2Fv2%2Fcomments&post=90063"}],"version-history":[{"count":0,"href":"https:\/\/diarioregionaldigital.com.br\/index.php?rest_route=\/wp\/v2\/posts\/90063\/revisions"}],"wp:featuredmedia":[{"embeddable":true,"href":"https:\/\/diarioregionaldigital.com.br\/index.php?rest_route=\/wp\/v2\/media\/90062"}],"wp:attachment":[{"href":"https:\/\/diarioregionaldigital.com.br\/index.php?rest_route=%2Fwp%2Fv2%2Fmedia&parent=90063"}],"wp:term":[{"taxonomy":"category","embeddable":true,"href":"https:\/\/diarioregionaldigital.com.br\/index.php?rest_route=%2Fwp%2Fv2%2Fcategories&post=90063"},{"taxonomy":"post_tag","embeddable":true,"href":"https:\/\/diarioregionaldigital.com.br\/index.php?rest_route=%2Fwp%2Fv2%2Ftags&post=90063"}],"curies":[{"name":"wp","href":"https:\/\/api.w.org\/{rel}","templated":true}]}}