{"id":90061,"date":"2018-01-19T20:44:22","date_gmt":"2018-01-19T22:44:22","guid":{"rendered":"http:\/\/diarioregionaljf.com.br\/2018\/01\/19\/settra-altera-transito-para-procissao-no-centro\/"},"modified":"2018-01-19T20:44:22","modified_gmt":"2018-01-19T22:44:22","slug":"settra-altera-transito-para-procissao-no-centro","status":"publish","type":"post","link":"https:\/\/diarioregionaldigital.com.br\/?p=90061","title":{"rendered":"Settra altera tr\u00e2nsito para prociss\u00e3o no Centro"},"content":{"rendered":"<p>Neste s\u00e1bado, 20, a Secretaria de Transporte e Tr\u00e2nsito (Settra) da Prefeitura de Juiz de Fora (PJF) promover\u00e1 altera\u00e7\u00f5es no tr\u00e2nsito da regi\u00e3o central, para realiza\u00e7\u00e3o da \u201cProciss\u00e3o da Igreja de S\u00e3o Sebasti\u00e3o\u201d. Das 19h30 \u00e0s 21h30, a Rua Gilberto de Alencar estar\u00e1 totalmente fechada ao tr\u00e1fego de ve\u00edculos.<\/p>\n<p>O percurso da caminhada, com in\u00edcio na Igreja, ser\u00e1 o seguinte: ruas Marechal Deodoro (pela contram\u00e3o), Santo Ant\u00f4nio, Floriano Peixoto, Avenida Bar\u00e3o do Rio Branco, ruas Fernando Lobo, Santo Ant\u00f4nio, Marechal Deodoro e Gilberto de Alencar (retornando \u00e0 Igreja).<\/p>\n<p>Fonte: Assessoria<\/p>\n","protected":false},"excerpt":{"rendered":"<p>Neste s\u00e1bado, 20, a Secretaria de Transporte e Tr\u00e2nsito (Settra) da Prefeitura de Juiz de Fora (PJF) promover\u00e1 altera\u00e7\u00f5es no tr\u00e2nsito da regi\u00e3o central, para realiza\u00e7\u00e3o da \u201cProciss\u00e3o da Igreja de S\u00e3o Sebasti\u00e3o\u201d. Das 19h30 \u00e0s 21h30, a Rua Gilberto de Alencar estar\u00e1 totalmente fechada ao tr\u00e1fego de ve\u00edculos. O percurso da caminhada, com in\u00edcio [&hellip;]<\/p>\n","protected":false},"author":96,"featured_media":90060,"comment_status":"closed","ping_status":"closed","sticky":false,"template":"","format":"standard","meta":{"footnotes":""},"categories":[253],"tags":[],"class_list":["post-90061","post","type-post","status-publish","format-standard","has-post-thumbnail","hentry","category-cidade"],"_links":{"self":[{"href":"https:\/\/diarioregionaldigital.com.br\/index.php?rest_route=\/wp\/v2\/posts\/90061","targetHints":{"allow":["GET"]}}],"collection":[{"href":"https:\/\/diarioregionaldigital.com.br\/index.php?rest_route=\/wp\/v2\/posts"}],"about":[{"href":"https:\/\/diarioregionaldigital.com.br\/index.php?rest_route=\/wp\/v2\/types\/post"}],"author":[{"embeddable":true,"href":"https:\/\/diarioregionaldigital.com.br\/index.php?rest_route=\/wp\/v2\/users\/96"}],"replies":[{"embeddable":true,"href":"https:\/\/diarioregionaldigital.com.br\/index.php?rest_route=%2Fwp%2Fv2%2Fcomments&post=90061"}],"version-history":[{"count":0,"href":"https:\/\/diarioregionaldigital.com.br\/index.php?rest_route=\/wp\/v2\/posts\/90061\/revisions"}],"wp:featuredmedia":[{"embeddable":true,"href":"https:\/\/diarioregionaldigital.com.br\/index.php?rest_route=\/wp\/v2\/media\/90060"}],"wp:attachment":[{"href":"https:\/\/diarioregionaldigital.com.br\/index.php?rest_route=%2Fwp%2Fv2%2Fmedia&parent=90061"}],"wp:term":[{"taxonomy":"category","embeddable":true,"href":"https:\/\/diarioregionaldigital.com.br\/index.php?rest_route=%2Fwp%2Fv2%2Fcategories&post=90061"},{"taxonomy":"post_tag","embeddable":true,"href":"https:\/\/diarioregionaldigital.com.br\/index.php?rest_route=%2Fwp%2Fv2%2Ftags&post=90061"}],"curies":[{"name":"wp","href":"https:\/\/api.w.org\/{rel}","templated":true}]}}