{"id":90059,"date":"2018-01-19T20:36:01","date_gmt":"2018-01-19T22:36:01","guid":{"rendered":"http:\/\/diarioregionaljf.com.br\/2018\/01\/19\/cesama-realiza-implantacao-de-redes-de-agua-na-rua-santo-antonio-neste-final-de-semana\/"},"modified":"2018-01-19T20:36:01","modified_gmt":"2018-01-19T22:36:01","slug":"cesama-realiza-implantacao-de-redes-de-agua-na-rua-santo-antonio-neste-final-de-semana","status":"publish","type":"post","link":"https:\/\/diarioregionaldigital.com.br\/?p=90059","title":{"rendered":"Cesama realiza implanta\u00e7\u00e3o de redes de \u00e1gua na Rua Santo Ant\u00f4nio neste final de semana"},"content":{"rendered":"<p>Nestes s\u00e1bado e domingo, 20 e 21, a Cesama prosseguir\u00e1 com os trabalhos de implanta\u00e7\u00e3o de 120 metros da nova rede de \u00e1gua da Rua Santo Ant\u00f4nio, entre Silva Jardim e Bar\u00e3o de Cataguases, no Centro. A a\u00e7\u00e3o faz parte de um projeto de remodela\u00e7\u00e3o do sistema de abastecimento da \u00e1rea central da cidade, para modernizar e melhorar o fornecimento de \u00e1gua local.<\/p>\n<p>Para a execu\u00e7\u00e3o dos servi\u00e7os, ser\u00e1 preciso interditar parcialmente o tr\u00e2nsito no trecho. Assim, a Cesama solicita que, se poss\u00edvel, os moradores retirem seus ve\u00edculos da garagem antes das 8h.<\/p>\n<p>Al\u00e9m disso, o fornecimento de \u00e1gua na Rua Pasteur, entre Tiradentes e Santo Ant\u00f4nio, ser\u00e1 interrompido das 8h \u00e0s 17h. A Cesama pede a compreens\u00e3o dos moradores e orienta que economizem \u00e1gua enquanto durarem os trabalhos. A previs\u00e3o \u00e9 de que a interven\u00e7\u00e3o seja finalizada ainda no domingo.<\/p>\n<p>As a\u00e7\u00f5es de remodela\u00e7\u00e3o s\u00e3o realizadas ao longo de todo o ano, seguindo programa\u00e7\u00e3o de prioridades, quando \u00e9 avaliada a necessidade de troca. Esta an\u00e1lise leva em conta a antiguidade e o desgaste do material, o fato de o dimensionamento da tubula\u00e7\u00e3o j\u00e1 n\u00e3o ser compat\u00edvel com o n\u00famero de im\u00f3veis atendidos e os transtornos causados aos usu\u00e1rios do sistema, al\u00e9m dos custos de manuten\u00e7\u00e3o.<\/p>\n<p>&nbsp;<\/p>\n<p>Fonte: Assessoria<\/p>\n","protected":false},"excerpt":{"rendered":"<p>Nestes s\u00e1bado e domingo, 20 e 21, a Cesama prosseguir\u00e1 com os trabalhos de implanta\u00e7\u00e3o de 120 metros da nova rede de \u00e1gua da Rua Santo Ant\u00f4nio, entre Silva Jardim e Bar\u00e3o de Cataguases, no Centro. A a\u00e7\u00e3o faz parte de um projeto de remodela\u00e7\u00e3o do sistema de abastecimento da \u00e1rea central da cidade, para [&hellip;]<\/p>\n","protected":false},"author":96,"featured_media":90058,"comment_status":"closed","ping_status":"closed","sticky":false,"template":"","format":"standard","meta":{"footnotes":""},"categories":[253],"tags":[],"class_list":["post-90059","post","type-post","status-publish","format-standard","has-post-thumbnail","hentry","category-cidade"],"_links":{"self":[{"href":"https:\/\/diarioregionaldigital.com.br\/index.php?rest_route=\/wp\/v2\/posts\/90059","targetHints":{"allow":["GET"]}}],"collection":[{"href":"https:\/\/diarioregionaldigital.com.br\/index.php?rest_route=\/wp\/v2\/posts"}],"about":[{"href":"https:\/\/diarioregionaldigital.com.br\/index.php?rest_route=\/wp\/v2\/types\/post"}],"author":[{"embeddable":true,"href":"https:\/\/diarioregionaldigital.com.br\/index.php?rest_route=\/wp\/v2\/users\/96"}],"replies":[{"embeddable":true,"href":"https:\/\/diarioregionaldigital.com.br\/index.php?rest_route=%2Fwp%2Fv2%2Fcomments&post=90059"}],"version-history":[{"count":0,"href":"https:\/\/diarioregionaldigital.com.br\/index.php?rest_route=\/wp\/v2\/posts\/90059\/revisions"}],"wp:featuredmedia":[{"embeddable":true,"href":"https:\/\/diarioregionaldigital.com.br\/index.php?rest_route=\/wp\/v2\/media\/90058"}],"wp:attachment":[{"href":"https:\/\/diarioregionaldigital.com.br\/index.php?rest_route=%2Fwp%2Fv2%2Fmedia&parent=90059"}],"wp:term":[{"taxonomy":"category","embeddable":true,"href":"https:\/\/diarioregionaldigital.com.br\/index.php?rest_route=%2Fwp%2Fv2%2Fcategories&post=90059"},{"taxonomy":"post_tag","embeddable":true,"href":"https:\/\/diarioregionaldigital.com.br\/index.php?rest_route=%2Fwp%2Fv2%2Ftags&post=90059"}],"curies":[{"name":"wp","href":"https:\/\/api.w.org\/{rel}","templated":true}]}}