{"id":90057,"date":"2018-01-19T20:33:04","date_gmt":"2018-01-19T22:33:04","guid":{"rendered":"http:\/\/diarioregionaljf.com.br\/2018\/01\/19\/gol-oferece-voos-entre-o-aeroporto-regional-e-pampulha\/"},"modified":"2018-01-19T20:33:04","modified_gmt":"2018-01-19T22:33:04","slug":"gol-oferece-voos-entre-o-aeroporto-regional-e-pampulha","status":"publish","type":"post","link":"https:\/\/diarioregionaldigital.com.br\/?p=90057","title":{"rendered":"Gol oferece voos entre o Aeroporto Regional e Pampulha"},"content":{"rendered":"<p>A partir desta segunda-feira, 22, a Gol Linhas A\u00e9reas Inteligentes realizar\u00e1 voos do Aeroporto Presidente Itamar Franco com destino ao Aeroporto da Pampulha, em Belo Horizonte. O valor da passagem varia entre R$323,49 e R$423,49, e possui duas op\u00e7\u00f5es de hor\u00e1rio 8h25 e 17h40. Os voos entre a capital e o aeroporto regional sair\u00e3o \u00e0s 9h25 e 18h40. As informa\u00e7\u00f5es foram consultadas na sexta-feira, 19.<\/p>\n<p>A companhia solicitou, no \u00faltimo dia 12, a inclus\u00e3o de dois voos di\u00e1rios para o Aeroporto da Pampulha. A solicita\u00e7\u00e3o j\u00e1 tinha sido aprovada pela concession\u00e1ria do aeroporto regional e aguardava parecer da Ag\u00eancia Nacional de Avia\u00e7\u00e3o Civil (Anac). O pedido inicial previa in\u00edcio das opera\u00e7\u00f5es para 27 de janeiro, entretanto a Gol solicitou adiantamento para esta segunda.<\/p>\n<p>De acordo com o pedido, o voo da manh\u00e3, com partida \u00e0s 8h25, ter\u00e1 frequ\u00eancia de segunda a s\u00e1bado. J\u00e1 o voo da tarde, com sa\u00edda prevista para 17h40, deve operar de domingo a sexta.<\/p>\n<p>&nbsp;<\/p>\n<h4>Conex\u00e3o entre Pampulha e Congonhas<\/h4>\n<p>Com a publica\u00e7\u00e3o da Resolu\u00e7\u00e3o n\u00ba 3, do Conselho de Avia\u00e7\u00e3o Civil (Conac) do Minist\u00e9rio dos Transportes, Portos e Avia\u00e7\u00e3o Civil, a Anac informou que a partir quinta-feira, 18, est\u00e3o suspensos os voos que ligam diretamente aeroportos que movimentam mais de 600 mil passageiros\/ano e o aeroporto da Pampulha. Com isso, a Gol ficou impedida de ligar diretamente o aeroporto a Congonhas.<\/p>\n<p>Os voos entre estes aeroportos s\u00f3 poder\u00e3o ser feitos com escala ou conex\u00e3o em algum aeroporto regional. S\u00e3o considerados aeroportos regionais aqueles de pequeno ou m\u00e9dio porte, com movimenta\u00e7\u00e3o anual de passageiros inferior a 600 mil. Com a decis\u00e3o, o Aeroporto Presidente Itamar Franco passar\u00e1 a ser o ponto de conex\u00e3o entre os aeroportos da Pampulha e Congonhas.<\/p>\n<p>A delibera\u00e7\u00e3o do Conac foi adotada em cumprimento \u00e0 decis\u00e3o cautelar proferida pelo Tribunal de Contas da Uni\u00e3o (TCU). A rota Congonhas \u2013 Aeroporto Presidente Itamar Franco \u2013 Pampulha tamb\u00e9m passa a ser operada a partir de segunda-feira.<\/p>\n","protected":false},"excerpt":{"rendered":"<p>A partir desta segunda-feira, 22, a Gol Linhas A\u00e9reas Inteligentes realizar\u00e1 voos do Aeroporto Presidente Itamar Franco com destino ao Aeroporto da Pampulha, em Belo Horizonte. O valor da passagem varia entre R$323,49 e R$423,49, e possui duas op\u00e7\u00f5es de hor\u00e1rio 8h25 e 17h40. Os voos entre a capital e o aeroporto regional sair\u00e3o \u00e0s [&hellip;]<\/p>\n","protected":false},"author":96,"featured_media":90056,"comment_status":"closed","ping_status":"closed","sticky":false,"template":"","format":"standard","meta":{"footnotes":""},"categories":[253],"tags":[],"class_list":["post-90057","post","type-post","status-publish","format-standard","has-post-thumbnail","hentry","category-cidade"],"_links":{"self":[{"href":"https:\/\/diarioregionaldigital.com.br\/index.php?rest_route=\/wp\/v2\/posts\/90057","targetHints":{"allow":["GET"]}}],"collection":[{"href":"https:\/\/diarioregionaldigital.com.br\/index.php?rest_route=\/wp\/v2\/posts"}],"about":[{"href":"https:\/\/diarioregionaldigital.com.br\/index.php?rest_route=\/wp\/v2\/types\/post"}],"author":[{"embeddable":true,"href":"https:\/\/diarioregionaldigital.com.br\/index.php?rest_route=\/wp\/v2\/users\/96"}],"replies":[{"embeddable":true,"href":"https:\/\/diarioregionaldigital.com.br\/index.php?rest_route=%2Fwp%2Fv2%2Fcomments&post=90057"}],"version-history":[{"count":0,"href":"https:\/\/diarioregionaldigital.com.br\/index.php?rest_route=\/wp\/v2\/posts\/90057\/revisions"}],"wp:featuredmedia":[{"embeddable":true,"href":"https:\/\/diarioregionaldigital.com.br\/index.php?rest_route=\/wp\/v2\/media\/90056"}],"wp:attachment":[{"href":"https:\/\/diarioregionaldigital.com.br\/index.php?rest_route=%2Fwp%2Fv2%2Fmedia&parent=90057"}],"wp:term":[{"taxonomy":"category","embeddable":true,"href":"https:\/\/diarioregionaldigital.com.br\/index.php?rest_route=%2Fwp%2Fv2%2Fcategories&post=90057"},{"taxonomy":"post_tag","embeddable":true,"href":"https:\/\/diarioregionaldigital.com.br\/index.php?rest_route=%2Fwp%2Fv2%2Ftags&post=90057"}],"curies":[{"name":"wp","href":"https:\/\/api.w.org\/{rel}","templated":true}]}}