{"id":90055,"date":"2018-01-19T19:55:17","date_gmt":"2018-01-19T21:55:17","guid":{"rendered":"http:\/\/diarioregionaljf.com.br\/2018\/01\/19\/rua-floriano-peixoto-esta-com-transito-interditado-no-centro-de-jf\/"},"modified":"2018-01-19T19:55:17","modified_gmt":"2018-01-19T21:55:17","slug":"rua-floriano-peixoto-esta-com-transito-interditado-no-centro-de-jf","status":"publish","type":"post","link":"https:\/\/diarioregionaldigital.com.br\/?p=90055","title":{"rendered":"Rua Floriano Peixoto est\u00e1 com tr\u00e2nsito interditado no Centro de JF"},"content":{"rendered":"<p>A Secretaria de Transporte e Tr\u00e2nsito (Settra) informa que devido a um problema em transformador el\u00e9trico, a rua Floriano Peixoto encontra-se com tr\u00e2nsito interditado entre as avenidas Bar\u00e3o do Rio Branco e Get\u00falio Vargas.<\/p>\n<p>Agentes de tr\u00e2nsito est\u00e3o no local. O Corpo de Bombeiros realiza tamb\u00e9m j\u00e1 est\u00e3o presentes trabalhando na via.<\/p>\n<hr \/>\n<p>&nbsp;<\/p>\n","protected":false},"excerpt":{"rendered":"<p>A Secretaria de Transporte e Tr\u00e2nsito (Settra) informa que devido a um problema em transformador el\u00e9trico, a rua Floriano Peixoto encontra-se com tr\u00e2nsito interditado entre as avenidas Bar\u00e3o do Rio Branco e Get\u00falio Vargas. Agentes de tr\u00e2nsito est\u00e3o no local. O Corpo de Bombeiros realiza tamb\u00e9m j\u00e1 est\u00e3o presentes trabalhando na via. &nbsp;<\/p>\n","protected":false},"author":96,"featured_media":90054,"comment_status":"closed","ping_status":"closed","sticky":false,"template":"","format":"standard","meta":{"footnotes":""},"categories":[253],"tags":[],"class_list":["post-90055","post","type-post","status-publish","format-standard","has-post-thumbnail","hentry","category-cidade"],"_links":{"self":[{"href":"https:\/\/diarioregionaldigital.com.br\/index.php?rest_route=\/wp\/v2\/posts\/90055","targetHints":{"allow":["GET"]}}],"collection":[{"href":"https:\/\/diarioregionaldigital.com.br\/index.php?rest_route=\/wp\/v2\/posts"}],"about":[{"href":"https:\/\/diarioregionaldigital.com.br\/index.php?rest_route=\/wp\/v2\/types\/post"}],"author":[{"embeddable":true,"href":"https:\/\/diarioregionaldigital.com.br\/index.php?rest_route=\/wp\/v2\/users\/96"}],"replies":[{"embeddable":true,"href":"https:\/\/diarioregionaldigital.com.br\/index.php?rest_route=%2Fwp%2Fv2%2Fcomments&post=90055"}],"version-history":[{"count":0,"href":"https:\/\/diarioregionaldigital.com.br\/index.php?rest_route=\/wp\/v2\/posts\/90055\/revisions"}],"wp:featuredmedia":[{"embeddable":true,"href":"https:\/\/diarioregionaldigital.com.br\/index.php?rest_route=\/wp\/v2\/media\/90054"}],"wp:attachment":[{"href":"https:\/\/diarioregionaldigital.com.br\/index.php?rest_route=%2Fwp%2Fv2%2Fmedia&parent=90055"}],"wp:term":[{"taxonomy":"category","embeddable":true,"href":"https:\/\/diarioregionaldigital.com.br\/index.php?rest_route=%2Fwp%2Fv2%2Fcategories&post=90055"},{"taxonomy":"post_tag","embeddable":true,"href":"https:\/\/diarioregionaldigital.com.br\/index.php?rest_route=%2Fwp%2Fv2%2Ftags&post=90055"}],"curies":[{"name":"wp","href":"https:\/\/api.w.org\/{rel}","templated":true}]}}