{"id":90053,"date":"2018-01-19T19:37:14","date_gmt":"2018-01-19T21:37:14","guid":{"rendered":"http:\/\/diarioregionaljf.com.br\/2018\/01\/19\/especialista-afirma-que-este-ano-sera-de-recuperacao-na-economia\/"},"modified":"2018-01-19T19:37:14","modified_gmt":"2018-01-19T21:37:14","slug":"especialista-afirma-que-este-ano-sera-de-recuperacao-na-economia","status":"publish","type":"post","link":"https:\/\/diarioregionaldigital.com.br\/?p=90053","title":{"rendered":"Especialista afirma que este ano ser\u00e1 de recupera\u00e7\u00e3o na economia"},"content":{"rendered":"<p>Ap\u00f3s os seus antecessores registrarem queda e estagna\u00e7\u00e3o econ\u00f4mica, o novo ano surge com a esperan\u00e7a de ser melhor. Foi o que afirmou o CEO da Expense Reduction Analysts no Brasil, Fernando Macedo.<\/p>\n<p>\u201cEu vejo como muito boas as expectativas para o mercado em 2018. Tenho acompanhado alguns clientes, que tiveram dificuldades em 2016 e uma estabiliza\u00e7\u00e3o no ano passado. Todos eles t\u00eam expectativa de melhoria de receita e produ\u00e7\u00e3o este ano. Por\u00e9m, as condi\u00e7\u00f5es macroecon\u00f4micas devem se manter e se sustentar durante o ano\u201d, ressaltou o especialista.<\/p>\n<p>Segundo Macedo, \u00e9 poss\u00edvel crescer mediante este cen\u00e1rio, por\u00e9m o principal erro dos empres\u00e1rios que buscam estabilidade e crescimento \u00e9 pensar apenas em receita. \u201cO que eu defendo \u00e9 que deve ter um equil\u00edbrio e uma busca de uma margem correta para cada situa\u00e7\u00e3o. Aumento de receita n\u00e3o significa necessariamente melhora da margem de produ\u00e7\u00e3o\u201d, exemplificou.<\/p>\n<p>Para alcan\u00e7ar esse equil\u00edbrio, o especialista orienta a elabora\u00e7\u00e3o de um planejamento estrat\u00e9gico. Conforme Macedo, ele deve ser elaborado no momento certo, antes de come\u00e7ar o ano, e estar condizente com cen\u00e1rio econ\u00f4mico.<\/p>\n<p>\u201cPorque se voc\u00ea, por exemplo, trabalhar como antes, quando estava retra\u00eddo, voc\u00ea vai ficar para tr\u00e1s. Ou se voc\u00ea n\u00e3o estava preparado para o aumento da demanda ou olhando apenas para a demanda e n\u00e3o estava se preparando para os custos recorrentes, voc\u00ea vai perder a lucratividade. Portanto, o primeiro passo pra que isso se mantenha equilibrado \u00e9 o correto planejamento estrat\u00e9gico dentro do cen\u00e1rio econ\u00f4mico.\u201d, esclareceu Macedo.<\/p>\n<p>O especialista afirmou que n\u00e3o poderia indicar pontos nos quais os empres\u00e1rios deveriam trabalhar este ano, pois cada segmento foi atingido diferente com o momento econ\u00f4mico. \u201cPor\u00e9m, um ponto importante, para todos os empres\u00e1rios, \u00e9 a vigil\u00e2ncia. Cada vez que existe um movimento no mercado, eles tem que estar atentos a ele, pois se alguma decis\u00e3o for tomada e esse quadro muda, eles podem pagar muito caro por n\u00e3o estar atentos a movimenta\u00e7\u00e3o do mercado\u201d, frisou Macedo.<\/p>\n<p>Segundo ele, o \u00fanico fator que pode modificar os rumos da economia este ano s\u00e3o as elei\u00e7\u00f5es. \u201cO cen\u00e1rio pol\u00edtico gera momentos inst\u00e1veis na economia, principalmente quando ainda h\u00e1 muitas vari\u00e1veis. At\u00e9 o momento, as conven\u00e7\u00f5es partid\u00e1rias n\u00e3o definiram quem s\u00e3o os candidatos, enquanto isso n\u00e3o for estabelecido, n\u00e3o sabemos como o mercado vai reagir\u201d, finalizou.<\/p>\n","protected":false},"excerpt":{"rendered":"<p>Ap\u00f3s os seus antecessores registrarem queda e estagna\u00e7\u00e3o econ\u00f4mica, o novo ano surge com a esperan\u00e7a de ser melhor. Foi o que afirmou o CEO da Expense Reduction Analysts no Brasil, Fernando Macedo. \u201cEu vejo como muito boas as expectativas para o mercado em 2018. Tenho acompanhado alguns clientes, que tiveram dificuldades em 2016 e [&hellip;]<\/p>\n","protected":false},"author":96,"featured_media":90052,"comment_status":"closed","ping_status":"closed","sticky":false,"template":"","format":"standard","meta":{"footnotes":""},"categories":[253],"tags":[],"class_list":["post-90053","post","type-post","status-publish","format-standard","has-post-thumbnail","hentry","category-cidade"],"_links":{"self":[{"href":"https:\/\/diarioregionaldigital.com.br\/index.php?rest_route=\/wp\/v2\/posts\/90053","targetHints":{"allow":["GET"]}}],"collection":[{"href":"https:\/\/diarioregionaldigital.com.br\/index.php?rest_route=\/wp\/v2\/posts"}],"about":[{"href":"https:\/\/diarioregionaldigital.com.br\/index.php?rest_route=\/wp\/v2\/types\/post"}],"author":[{"embeddable":true,"href":"https:\/\/diarioregionaldigital.com.br\/index.php?rest_route=\/wp\/v2\/users\/96"}],"replies":[{"embeddable":true,"href":"https:\/\/diarioregionaldigital.com.br\/index.php?rest_route=%2Fwp%2Fv2%2Fcomments&post=90053"}],"version-history":[{"count":0,"href":"https:\/\/diarioregionaldigital.com.br\/index.php?rest_route=\/wp\/v2\/posts\/90053\/revisions"}],"wp:featuredmedia":[{"embeddable":true,"href":"https:\/\/diarioregionaldigital.com.br\/index.php?rest_route=\/wp\/v2\/media\/90052"}],"wp:attachment":[{"href":"https:\/\/diarioregionaldigital.com.br\/index.php?rest_route=%2Fwp%2Fv2%2Fmedia&parent=90053"}],"wp:term":[{"taxonomy":"category","embeddable":true,"href":"https:\/\/diarioregionaldigital.com.br\/index.php?rest_route=%2Fwp%2Fv2%2Fcategories&post=90053"},{"taxonomy":"post_tag","embeddable":true,"href":"https:\/\/diarioregionaldigital.com.br\/index.php?rest_route=%2Fwp%2Fv2%2Ftags&post=90053"}],"curies":[{"name":"wp","href":"https:\/\/api.w.org\/{rel}","templated":true}]}}