{"id":90051,"date":"2018-01-19T19:18:47","date_gmt":"2018-01-19T21:18:47","guid":{"rendered":"http:\/\/diarioregionaljf.com.br\/2018\/01\/19\/populacao-deve-ficar-atenta-as-indicacoes-e-contraindicacoes-da-vacina-de-febre-amarela\/"},"modified":"2018-01-19T19:18:47","modified_gmt":"2018-01-19T21:18:47","slug":"populacao-deve-ficar-atenta-as-indicacoes-e-contraindicacoes-da-vacina-de-febre-amarela","status":"publish","type":"post","link":"https:\/\/diarioregionaldigital.com.br\/?p=90051","title":{"rendered":"Popula\u00e7\u00e3o deve ficar atenta \u00e0s indica\u00e7\u00f5es e contraindica\u00e7\u00f5es da vacina de febre amarela"},"content":{"rendered":"<p>A vacina\u00e7\u00e3o e os cuidados di\u00e1rios para evitar criadouros do mosquito Aedes aegypti s\u00e3o as \u00fanicas formas de preven\u00e7\u00e3o contra a febre amarela. A vacina \u00e9 preconizada pelo Sistema \u00danico de Sa\u00fade (SUS) para toda a popula\u00e7\u00e3o a partir dos nove meses de vida at\u00e9 os 59 anos de idade, mas h\u00e1 algumas situa\u00e7\u00f5es em que a imuniza\u00e7\u00e3o n\u00e3o \u00e9 indicada, e a popula\u00e7\u00e3o precisa ficar atenta. Tamb\u00e9m gestantes e idosos (acima dos 60 anos) precisam sempre passar por avalia\u00e7\u00e3o m\u00e9dica, que levar\u00e1 em conta o risco\/benef\u00edcio.<\/p>\n<p>Veja quem pode e quem n\u00e3o pode se vacinar.<\/p>\n<p>&nbsp;<\/p>\n<p><strong>Crian\u00e7as menores de nove meses<\/strong><\/p>\n<p>A indica\u00e7\u00e3o do Minist\u00e9rio da Sa\u00fade \u00e9 que crian\u00e7as abaixo de nove meses de vida n\u00e3o devem se vacinar. A crian\u00e7a, durante a gesta\u00e7\u00e3o, j\u00e1 recebe da m\u00e3e os anticorpos necess\u00e1rios para sua seguran\u00e7a.<\/p>\n<p>&nbsp;<\/p>\n<p><strong>Gestantes<\/strong><\/p>\n<p>As gestantes n\u00e3o podem tomar nenhuma vacina de v\u00edrus vivo, que \u00e9 o caso da vacina de febre amarela, com risco de afetar o desenvolvimento do beb\u00ea. A exce\u00e7\u00e3o pode acontecer se a gr\u00e1vida estiver em \u00e1rea de risco, mas mesmo assim cada caso deve ser avaliado pelo m\u00e9dico para que seja considerado o risco\/benef\u00edcio. Em Juiz de Fora, gr\u00e1vidas s\u00f3 tomam a vacina com indica\u00e7\u00e3o m\u00e9dica. A orienta\u00e7\u00e3o que serve para todas \u00e9 para utilizar sempre o repelente quando n\u00e3o puderem se vacinar.<\/p>\n<p>&nbsp;<\/p>\n<p><strong>Riscos na amamenta\u00e7\u00e3o<\/strong><\/p>\n<p>Em munic\u00edpios como Juiz de Fora, o Minist\u00e9rio da Sa\u00fade recomenda que lactantes que nunca foram imunizadas tomem a vacina, com cuidado de interromper a amamenta\u00e7\u00e3o por 10 dias. Nesse caso, a orienta\u00e7\u00e3o \u00e9 retirar o leite antes e realizar o armazenamento adequado.<\/p>\n<p>&nbsp;<\/p>\n<p><strong>Idosos acima de 60 anos<\/strong><\/p>\n<p>N\u00e3o \u00e9 recomendada, pelo Minist\u00e9rio da Sa\u00fade, a vacina\u00e7\u00e3o para idosos acima de 60 anos. \u00c9 necess\u00e1ria a avalia\u00e7\u00e3o do profissional de sa\u00fade.<\/p>\n<p>&nbsp;<\/p>\n<p><strong>N\u00c3O PODEM tomar a vacina:<\/strong><\/p>\n<p>&#8211; pessoas com alergia grave a ovo;<\/p>\n<p>&#8211; transplantados;<\/p>\n<p>&#8211; pessoas que fazem tratamento com corticoides em doses imunossupressoras;<\/p>\n<p>&#8211; pessoas submetidas a tratamento com imunossupressores;<\/p>\n<p>&#8211; pessoas que j\u00e1 tomaram a vacina anteriormente;<\/p>\n<p>&#8211; pessoas com hist\u00f3rico de doen\u00e7as do timo;<\/p>\n<p>&#8211; pessoas de doen\u00e7as hematol\u00f3gicas e neopl\u00e1sicas;<\/p>\n<p>&#8211; pessoas com doen\u00e7as autoimunes; e<\/p>\n<p>&#8211; pessoas com l\u00fapus.<\/p>\n<p>&nbsp;<\/p>\n<h4>OUTROS CASOS<\/h4>\n<p>Nos casos de doen\u00e7as agudas febris, moderadas ou graves, recomenda-se adiar a vacina\u00e7\u00e3o at\u00e9 a resolu\u00e7\u00e3o do quadro. Pessoas em tratamento com radioterapia\/quimioterapia devem aguardar tr\u00eas meses ap\u00f3s o tratamento para se vacinar.<\/p>\n<p>Portadores de HIV\/AIDS devem procurar orienta\u00e7\u00e3o m\u00e9dica.<\/p>\n<p>&nbsp;<\/p>\n<p>Fonte: Assessoria\/PJF<\/p>\n","protected":false},"excerpt":{"rendered":"<p>A vacina\u00e7\u00e3o e os cuidados di\u00e1rios para evitar criadouros do mosquito Aedes aegypti s\u00e3o as \u00fanicas formas de preven\u00e7\u00e3o contra a febre amarela. A vacina \u00e9 preconizada pelo Sistema \u00danico de Sa\u00fade (SUS) para toda a popula\u00e7\u00e3o a partir dos nove meses de vida at\u00e9 os 59 anos de idade, mas h\u00e1 algumas situa\u00e7\u00f5es em [&hellip;]<\/p>\n","protected":false},"author":96,"featured_media":90050,"comment_status":"closed","ping_status":"closed","sticky":false,"template":"","format":"standard","meta":{"footnotes":""},"categories":[253],"tags":[],"class_list":["post-90051","post","type-post","status-publish","format-standard","has-post-thumbnail","hentry","category-cidade"],"_links":{"self":[{"href":"https:\/\/diarioregionaldigital.com.br\/index.php?rest_route=\/wp\/v2\/posts\/90051","targetHints":{"allow":["GET"]}}],"collection":[{"href":"https:\/\/diarioregionaldigital.com.br\/index.php?rest_route=\/wp\/v2\/posts"}],"about":[{"href":"https:\/\/diarioregionaldigital.com.br\/index.php?rest_route=\/wp\/v2\/types\/post"}],"author":[{"embeddable":true,"href":"https:\/\/diarioregionaldigital.com.br\/index.php?rest_route=\/wp\/v2\/users\/96"}],"replies":[{"embeddable":true,"href":"https:\/\/diarioregionaldigital.com.br\/index.php?rest_route=%2Fwp%2Fv2%2Fcomments&post=90051"}],"version-history":[{"count":0,"href":"https:\/\/diarioregionaldigital.com.br\/index.php?rest_route=\/wp\/v2\/posts\/90051\/revisions"}],"wp:featuredmedia":[{"embeddable":true,"href":"https:\/\/diarioregionaldigital.com.br\/index.php?rest_route=\/wp\/v2\/media\/90050"}],"wp:attachment":[{"href":"https:\/\/diarioregionaldigital.com.br\/index.php?rest_route=%2Fwp%2Fv2%2Fmedia&parent=90051"}],"wp:term":[{"taxonomy":"category","embeddable":true,"href":"https:\/\/diarioregionaldigital.com.br\/index.php?rest_route=%2Fwp%2Fv2%2Fcategories&post=90051"},{"taxonomy":"post_tag","embeddable":true,"href":"https:\/\/diarioregionaldigital.com.br\/index.php?rest_route=%2Fwp%2Fv2%2Ftags&post=90051"}],"curies":[{"name":"wp","href":"https:\/\/api.w.org\/{rel}","templated":true}]}}