{"id":90049,"date":"2018-01-19T19:10:23","date_gmt":"2018-01-19T21:10:23","guid":{"rendered":"http:\/\/diarioregionaljf.com.br\/2018\/01\/19\/defesa-de-temer-pede-arquivamento-de-inquerito-sobre-portos\/"},"modified":"2018-01-19T19:10:23","modified_gmt":"2018-01-19T21:10:23","slug":"defesa-de-temer-pede-arquivamento-de-inquerito-sobre-portos","status":"publish","type":"post","link":"https:\/\/diarioregionaldigital.com.br\/?p=90049","title":{"rendered":"Defesa de Temer pede arquivamento de inqu\u00e9rito sobre portos"},"content":{"rendered":"<p>A defesa do presidente Michel Temer enviou nessa sexta-feira, 19, ao Supremo Tribunal Federal (STF) uma manifesta\u00e7\u00e3o em que pede que o inqu\u00e9rito no qual ele \u00e9 investigado seja logo enviado \u00e0 Procuradoria-Geral da Rep\u00fablica (PGR), para que o \u00f3rg\u00e3o solicite o arquivamento das investiga\u00e7\u00f5es por falta de provas.<\/p>\n<p>Para o advogado Ant\u00f4nio Cl\u00e1udio Mariz de Oliveira, que representa Temer, a solicita\u00e7\u00e3o de arquivamento ser\u00e1 \u201ccom certeza\u201d encaminhada pela procuradora-geral da Rep\u00fablica, Raquel Dodge, \u201cem face da aus\u00eancia de qualquer conduta criminosa\u201d.<\/p>\n<p>Ele apresentou ainda diferentes pareceres de diversos \u00f3rg\u00e3os do governo, entre eles da Secretaria dos Portos e do Minist\u00e9rio dos Transportes, atestando que a empresa Rodrimar n\u00e3o se beneficiou da publica\u00e7\u00e3o do decreto 9.048\/2017, conhecido como Decreto dos Portos.<\/p>\n<p>A abertura desse inqu\u00e9rito foi autorizada pelo ministro do STF Lu\u00eds Roberto Barroso em setembro do ano passado, a pedido do ent\u00e3o procurador-geral da Rep\u00fablica, Rodrigo Janot, que a partir de intercepta\u00e7\u00f5es telef\u00f4nicas do ex-assessor especial da Presid\u00eancia Rodrigo Rocha Loures, disse suspeitar do pagamento de vantagens indevidas a Temer pela Rodrimar, empresa que opera concess\u00f5es no Porto de Santos e seria beneficiada pela publica\u00e7\u00e3o do decreto.<\/p>\n<p>\u201cNa verdade, nem sequer um mero ind\u00edcio foi apontado a corroborar essa leviana alega\u00e7\u00e3o\u201d, argumenta o advogado de Temer na pe\u00e7a encaminhada ao STF. Ele classificou de \u201cfalaciosas assertivas\u201d as suspeitas levantadas por Janot.<\/p>\n<p>Na quinta-feira, 18, Temer encaminhou ao Supremo as repostas a 51 perguntas referentes ao caso que haviam sido encaminhadas pela Pol\u00edcia Federal (PF). Entre outras alega\u00e7\u00f5es, o presidente afirmou nunca ter autorizado Loures ou qualquer outra pessoa a pedir recursos em nome dele, em retribui\u00e7\u00e3o \u00e0 edi\u00e7\u00e3o do decreto dos portos.<\/p>\n<p>Fonte: Ag\u00eancia Brasil<\/p>\n","protected":false},"excerpt":{"rendered":"<p>A defesa do presidente Michel Temer enviou nessa sexta-feira, 19, ao Supremo Tribunal Federal (STF) uma manifesta\u00e7\u00e3o em que pede que o inqu\u00e9rito no qual ele \u00e9 investigado seja logo enviado \u00e0 Procuradoria-Geral da Rep\u00fablica (PGR), para que o \u00f3rg\u00e3o solicite o arquivamento das investiga\u00e7\u00f5es por falta de provas. Para o advogado Ant\u00f4nio Cl\u00e1udio Mariz [&hellip;]<\/p>\n","protected":false},"author":96,"featured_media":90048,"comment_status":"closed","ping_status":"closed","sticky":false,"template":"","format":"standard","meta":{"footnotes":""},"categories":[254],"tags":[],"class_list":["post-90049","post","type-post","status-publish","format-standard","has-post-thumbnail","hentry","category-politica"],"_links":{"self":[{"href":"https:\/\/diarioregionaldigital.com.br\/index.php?rest_route=\/wp\/v2\/posts\/90049","targetHints":{"allow":["GET"]}}],"collection":[{"href":"https:\/\/diarioregionaldigital.com.br\/index.php?rest_route=\/wp\/v2\/posts"}],"about":[{"href":"https:\/\/diarioregionaldigital.com.br\/index.php?rest_route=\/wp\/v2\/types\/post"}],"author":[{"embeddable":true,"href":"https:\/\/diarioregionaldigital.com.br\/index.php?rest_route=\/wp\/v2\/users\/96"}],"replies":[{"embeddable":true,"href":"https:\/\/diarioregionaldigital.com.br\/index.php?rest_route=%2Fwp%2Fv2%2Fcomments&post=90049"}],"version-history":[{"count":0,"href":"https:\/\/diarioregionaldigital.com.br\/index.php?rest_route=\/wp\/v2\/posts\/90049\/revisions"}],"wp:featuredmedia":[{"embeddable":true,"href":"https:\/\/diarioregionaldigital.com.br\/index.php?rest_route=\/wp\/v2\/media\/90048"}],"wp:attachment":[{"href":"https:\/\/diarioregionaldigital.com.br\/index.php?rest_route=%2Fwp%2Fv2%2Fmedia&parent=90049"}],"wp:term":[{"taxonomy":"category","embeddable":true,"href":"https:\/\/diarioregionaldigital.com.br\/index.php?rest_route=%2Fwp%2Fv2%2Fcategories&post=90049"},{"taxonomy":"post_tag","embeddable":true,"href":"https:\/\/diarioregionaldigital.com.br\/index.php?rest_route=%2Fwp%2Fv2%2Ftags&post=90049"}],"curies":[{"name":"wp","href":"https:\/\/api.w.org\/{rel}","templated":true}]}}