{"id":90047,"date":"2018-01-19T18:49:13","date_gmt":"2018-01-19T20:49:13","guid":{"rendered":"http:\/\/diarioregionaljf.com.br\/2018\/01\/19\/joao-xxiii-finaliza-inscricoes-para-sorteio-de-vagas-do-ensino-regular-ate-dia-22\/"},"modified":"2018-01-19T18:49:13","modified_gmt":"2018-01-19T20:49:13","slug":"joao-xxiii-finaliza-inscricoes-para-sorteio-de-vagas-do-ensino-regular-ate-dia-22","status":"publish","type":"post","link":"https:\/\/diarioregionaldigital.com.br\/?p=90047","title":{"rendered":"Jo\u00e3o XXIII finaliza inscri\u00e7\u00f5es para sorteio de vagas do ensino regular at\u00e9 dia 22"},"content":{"rendered":"<p>O Col\u00e9gio de Aplica\u00e7\u00e3o Jo\u00e3o XXIII da Universidade Federal de Juiz de Fora (UFJF) lan\u00e7ou dois editais para sorteio de vagas para o ano letivo de 2018. S\u00e3o 22 vagas remanescentes para o ensino regular, fundamental e m\u00e9dio, e 110 vagas para o curso de Educa\u00e7\u00e3o de Jovens e Adultos (EJA).&nbsp;<\/p>\n<p>A inscri\u00e7\u00e3o para as vagas do ensino regular deve ser feita eletronicamente no site do Jo\u00e3o XXIII, de 6 a 22 de janeiro. Dentro do mesmo per\u00edodo, \u00e9 preciso pagar a taxa de inscri\u00e7\u00e3o, no valor de R$38, gerada no pr\u00f3prio site.<\/p>\n<p>No per\u00edodo de 30 de janeiro a 2 de fevereiro, o participante deve acessar o site novamente para imprimir o cart\u00e3o com o n\u00famero para o sorteio. O sorteio acontece no col\u00e9gio, no dia 3 de fevereiro, s\u00e1bado, em hor\u00e1rios determinados de acordo com a s\u00e9rie do candidato.<\/p>\n<p>J\u00e1 a inscri\u00e7\u00e3o para as c \u00e9 gratuita e deve ser feita de 8 a 26 de janeiro de 2018, das 18h30 \u00e0s 21h, na secretaria do Jo\u00e3o XXIII. O sorteio acontece no dia 29 de janeiro, segunda-feira, \u00e0s 19h, no pr\u00f3prio col\u00e9gio.<\/p>\n<p>Em ambos os casos, \u00e9 indispens\u00e1vel a presen\u00e7a do respons\u00e1vel e\/ou do candidato no sorteio, munido dos documentos previstos pelos editais. As informa\u00e7\u00f5es para a matr\u00edcula dos contemplados tamb\u00e9m est\u00e3o dispon\u00edveis nos editais.<\/p>\n<hr \/>\n<p>&nbsp;Fonte: Assessoria\/UFJF<\/p>\n","protected":false},"excerpt":{"rendered":"<p>O Col\u00e9gio de Aplica\u00e7\u00e3o Jo\u00e3o XXIII da Universidade Federal de Juiz de Fora (UFJF) lan\u00e7ou dois editais para sorteio de vagas para o ano letivo de 2018. S\u00e3o 22 vagas remanescentes para o ensino regular, fundamental e m\u00e9dio, e 110 vagas para o curso de Educa\u00e7\u00e3o de Jovens e Adultos (EJA).&nbsp; A inscri\u00e7\u00e3o para as [&hellip;]<\/p>\n","protected":false},"author":96,"featured_media":90046,"comment_status":"closed","ping_status":"closed","sticky":false,"template":"","format":"standard","meta":{"footnotes":""},"categories":[253],"tags":[],"class_list":["post-90047","post","type-post","status-publish","format-standard","has-post-thumbnail","hentry","category-cidade"],"_links":{"self":[{"href":"https:\/\/diarioregionaldigital.com.br\/index.php?rest_route=\/wp\/v2\/posts\/90047","targetHints":{"allow":["GET"]}}],"collection":[{"href":"https:\/\/diarioregionaldigital.com.br\/index.php?rest_route=\/wp\/v2\/posts"}],"about":[{"href":"https:\/\/diarioregionaldigital.com.br\/index.php?rest_route=\/wp\/v2\/types\/post"}],"author":[{"embeddable":true,"href":"https:\/\/diarioregionaldigital.com.br\/index.php?rest_route=\/wp\/v2\/users\/96"}],"replies":[{"embeddable":true,"href":"https:\/\/diarioregionaldigital.com.br\/index.php?rest_route=%2Fwp%2Fv2%2Fcomments&post=90047"}],"version-history":[{"count":0,"href":"https:\/\/diarioregionaldigital.com.br\/index.php?rest_route=\/wp\/v2\/posts\/90047\/revisions"}],"wp:featuredmedia":[{"embeddable":true,"href":"https:\/\/diarioregionaldigital.com.br\/index.php?rest_route=\/wp\/v2\/media\/90046"}],"wp:attachment":[{"href":"https:\/\/diarioregionaldigital.com.br\/index.php?rest_route=%2Fwp%2Fv2%2Fmedia&parent=90047"}],"wp:term":[{"taxonomy":"category","embeddable":true,"href":"https:\/\/diarioregionaldigital.com.br\/index.php?rest_route=%2Fwp%2Fv2%2Fcategories&post=90047"},{"taxonomy":"post_tag","embeddable":true,"href":"https:\/\/diarioregionaldigital.com.br\/index.php?rest_route=%2Fwp%2Fv2%2Ftags&post=90047"}],"curies":[{"name":"wp","href":"https:\/\/api.w.org\/{rel}","templated":true}]}}