{"id":90045,"date":"2018-01-19T18:46:15","date_gmt":"2018-01-19T20:46:15","guid":{"rendered":"http:\/\/diarioregionaljf.com.br\/2018\/01\/19\/sedpac-e-policia-civil-assinam-termo-de-parceria-pelo-respeito-a-diversidade-religiosa-em-minas-gerais\/"},"modified":"2018-01-19T18:46:15","modified_gmt":"2018-01-19T20:46:15","slug":"sedpac-e-policia-civil-assinam-termo-de-parceria-pelo-respeito-a-diversidade-religiosa-em-minas-gerais","status":"publish","type":"post","link":"https:\/\/diarioregionaldigital.com.br\/?p=90045","title":{"rendered":"Sedpac e Pol\u00edcia Civil assinam termo de parceria pelo respeito \u00e0 diversidade religiosa em Minas Gerais"},"content":{"rendered":"<p>A Secretaria de Estado de Direitos Humanos, Participa\u00e7\u00e3o Social e Cidadania (Sedpac), por meio do Comit\u00ea de Respeito \u00e0 Diversidade Religiosa, e a Pol\u00edcia Civil de Minas Gerais (PCMG) assinaram na manh\u00e3 desta sexta-feira, 19, no Centro de Refer\u00eancia da Juventude, um termo de coopera\u00e7\u00e3o para elabora\u00e7\u00e3o do I Relat\u00f3rio Sobre Intoler\u00e2ncia e Viol\u00eancia Religiosa no Estado de Minas Gerais.<\/p>\n<p>O ato foi o primeiro de uma s\u00e9rie de atividades alusivas ao Dia Nacional de Combate \u00e0 Intoler\u00e2ncia Religiosa, celebrado em 21 de janeiro. Confira a programa\u00e7\u00e3o completa <a href=\"http:\/\/www.agenciaminas.mg.gov.br\/ckeditor_assets\/attachments\/4140\/programacao_v2.pdf\" target=\"_blank\" rel=\"noopener noreferrer\">aqui<\/a>.<\/p>\n<p>O termo prev\u00ea o estabelecimento de normas e procedimentos para acesso aos acervos de dados da Pol\u00edcia Civil sobre esse tipo de crime em Minas Gerais, bem como a consolida\u00e7\u00e3o, sistematiza\u00e7\u00e3o e an\u00e1lise dessas informa\u00e7\u00f5es. O resultado deve originar um panorama sobre a discrimina\u00e7\u00e3o religiosa, permitindo a atua\u00e7\u00e3o assertiva do Estado nessa \u00e1rea.<\/p>\n<p>O chefe de gabinete da Sedpac, Francisco \u201cXixico\u201d Alves e Silva, que representou o secret\u00e1rio de Estado Nilm\u00e1rio Miranda no evento, ressaltou a import\u00e2ncia da parceria, especialmente no atual contexto de discurso de \u00f3dio e intoler\u00e2ncia no pa\u00eds.<\/p>\n<p>\u201c\u00c9 um ato corajoso por parte do Governo assumir seu papel na constru\u00e7\u00e3o do respeito \u00e0 diversidade de cren\u00e7a, n\u00e3o-cren\u00e7a e convic\u00e7\u00f5es\u201d, afirmou Silva.<\/p>\n<p>O delegado-geral Bruno Tasca Cabral, chefe de gabinete da PCMG, destacou que Pol\u00edcia Civil tem um departamento espec\u00edfico para tratar desses casos, o N\u00facleo de Atendimento a V\u00edtimas de Crimes Raciais e de Intoler\u00e2ncia (Navcradi), fundamental no recolhimento dessas informa\u00e7\u00f5es.<\/p>\n<p>\u201cA partir do momento que isso configura um comportamento criminoso, o papel da Pol\u00edcia Civil \u00e9 imprescind\u00edvel. Vamos demandar \u00e0 nossa diretoria de estat\u00edsticas e de an\u00e1lise criminal todos os dados sobre viol\u00eancia e agress\u00f5es relacionadas \u00e0 intoler\u00e2ncia religiosa para sabermos os n\u00fameros exatos em nosso estado\u201d, afirmou o delegado-geral.<\/p>\n<p>&nbsp;<\/p>\n<h4>COMIT\u00ca DE RESPEITO \u00c0 DIVERSIDADE RELIGIOSA<\/h4>\n<p>Criado em janeiro de 2016, o Comit\u00ea \u00e9 uma inst\u00e2ncia de participa\u00e7\u00e3o social que busca promover o reconhecimento e respeito \u00e0 diversidade de religi\u00e3o ou a op\u00e7\u00e3o por nenhuma express\u00e3o de f\u00e9, bem como o enfrentamento \u00e0 intoler\u00e2ncia e a defesa do direito ao livre exerc\u00edcio das diversas pr\u00e1ticas religiosas.<\/p>\n<p>Sua composi\u00e7\u00e3o contempla a diversidade de cren\u00e7as, convic\u00e7\u00f5es, religi\u00f5es, culturas e religi\u00f5es do estado, g\u00eanero, etnia, orienta\u00e7\u00e3o sexual e social, de forma a garantir a intersetorialidade e universalidade de seu alcance.<\/p>\n<p>&nbsp;<\/p>\n<p>Foto: Ag\u00eancia Minas<\/p>\n","protected":false},"excerpt":{"rendered":"<p>A Secretaria de Estado de Direitos Humanos, Participa\u00e7\u00e3o Social e Cidadania (Sedpac), por meio do Comit\u00ea de Respeito \u00e0 Diversidade Religiosa, e a Pol\u00edcia Civil de Minas Gerais (PCMG) assinaram na manh\u00e3 desta sexta-feira, 19, no Centro de Refer\u00eancia da Juventude, um termo de coopera\u00e7\u00e3o para elabora\u00e7\u00e3o do I Relat\u00f3rio Sobre Intoler\u00e2ncia e Viol\u00eancia Religiosa [&hellip;]<\/p>\n","protected":false},"author":96,"featured_media":90044,"comment_status":"closed","ping_status":"closed","sticky":false,"template":"","format":"standard","meta":{"footnotes":""},"categories":[252],"tags":[],"class_list":["post-90045","post","type-post","status-publish","format-standard","has-post-thumbnail","hentry","category-regiao"],"_links":{"self":[{"href":"https:\/\/diarioregionaldigital.com.br\/index.php?rest_route=\/wp\/v2\/posts\/90045","targetHints":{"allow":["GET"]}}],"collection":[{"href":"https:\/\/diarioregionaldigital.com.br\/index.php?rest_route=\/wp\/v2\/posts"}],"about":[{"href":"https:\/\/diarioregionaldigital.com.br\/index.php?rest_route=\/wp\/v2\/types\/post"}],"author":[{"embeddable":true,"href":"https:\/\/diarioregionaldigital.com.br\/index.php?rest_route=\/wp\/v2\/users\/96"}],"replies":[{"embeddable":true,"href":"https:\/\/diarioregionaldigital.com.br\/index.php?rest_route=%2Fwp%2Fv2%2Fcomments&post=90045"}],"version-history":[{"count":0,"href":"https:\/\/diarioregionaldigital.com.br\/index.php?rest_route=\/wp\/v2\/posts\/90045\/revisions"}],"wp:featuredmedia":[{"embeddable":true,"href":"https:\/\/diarioregionaldigital.com.br\/index.php?rest_route=\/wp\/v2\/media\/90044"}],"wp:attachment":[{"href":"https:\/\/diarioregionaldigital.com.br\/index.php?rest_route=%2Fwp%2Fv2%2Fmedia&parent=90045"}],"wp:term":[{"taxonomy":"category","embeddable":true,"href":"https:\/\/diarioregionaldigital.com.br\/index.php?rest_route=%2Fwp%2Fv2%2Fcategories&post=90045"},{"taxonomy":"post_tag","embeddable":true,"href":"https:\/\/diarioregionaldigital.com.br\/index.php?rest_route=%2Fwp%2Fv2%2Ftags&post=90045"}],"curies":[{"name":"wp","href":"https:\/\/api.w.org\/{rel}","templated":true}]}}