{"id":90043,"date":"2018-01-19T18:42:28","date_gmt":"2018-01-19T20:42:28","guid":{"rendered":"http:\/\/diarioregionaljf.com.br\/2018\/01\/19\/vivo-esclarece-servico-prestado-na-cidade-a-comissao-de-telefonia-da-camara\/"},"modified":"2018-01-19T18:42:28","modified_gmt":"2018-01-19T20:42:28","slug":"vivo-esclarece-servico-prestado-na-cidade-a-comissao-de-telefonia-da-camara","status":"publish","type":"post","link":"https:\/\/diarioregionaldigital.com.br\/?p=90043","title":{"rendered":"Vivo esclarece servi\u00e7o prestado na cidade \u00e0 Comiss\u00e3o de Telefonia da C\u00e2mara"},"content":{"rendered":"<p>A Comiss\u00e3o Especial de Telefonia da C\u00e2mara enviou, em 2017, uma representa\u00e7\u00e3o para as operadoras de telecomunica\u00e7\u00f5es para informar sobre reclama\u00e7\u00f5es de cobertura e sinal prestados na cidade. O objetivo \u00e9 sanar d\u00favidas vindas de mun\u00edcipes aos \u00f3rg\u00e3os de prote\u00e7\u00e3o e defesa do consumidor.<\/p>\n<p>Para prestar esclarecimentos, representantes da Telef\u00f4nica (Vivo) estiveram nessa sexta-feira, 19, na C\u00e2mara e falaram sobre os investimentos e melhorias realizadas em Juiz de Fora. O gerente de rela\u00e7\u00f5es institucionais, Ricardo Diniz, disse que em 2017 foi feito investimento na infraestrutura para acompanhar o crescimento de clientes e a utiliza\u00e7\u00e3o por eles da rede. Dentre os bairros contemplados est\u00e3o Ros\u00e1rio de Minas, Filgueiras, Altos dos Passos, Remonta, Ponte Preta, S\u00e3o Dimas, Novo Horizonte, Jardim Natal, Vila Olavo Costa, Jardim de Al\u00e1, Democrata, Mariano Proc\u00f3pio, Paineiras, Po\u00e7o Rico, entre outros.<\/p>\n<p>Em 2018, a empresa tem a expectativa de ativa\u00e7\u00e3o, amplia\u00e7\u00e3o e implanta\u00e7\u00e3o de novos pontos de tr\u00e1fego de dados na cidade, e, assim, se adequar a demanda.<\/p>\n<p>J\u00e1 em rela\u00e7\u00e3o \u00e0s \u00e1reas rurais, a empresa disse que, recentemente, ativou a tecnologia 3G nos distritos de Sarandira, Ros\u00e1rio de Minas e Torr\u00f5es. A a\u00e7\u00e3o s\u00f3 pode se concretizar por conta da parceria da Telef\u00f4nica e o Estado atrav\u00e9s do Programa Minas Comunica 2.<\/p>\n<p>A Comiss\u00e3o de Telefonia, representada na oportunidade pelo vereador Vagner de Oliveira (PSC), busca melhorias deste servi\u00e7o em toda a cidade, sobretudo, nas \u00e1reas rurais. Entretanto, para poder atender essas localidades, elas dever\u00e3o ser primeiro elevadas a distritos, para serem beneficiadas por meio do Programa Estadual. O processo para tal mudan\u00e7a depende da aprova\u00e7\u00e3o do Plano Diretor, ainda em andamento na Casa.<\/p>\n<p>Fonte: Assessoria<\/p>\n","protected":false},"excerpt":{"rendered":"<p>A Comiss\u00e3o Especial de Telefonia da C\u00e2mara enviou, em 2017, uma representa\u00e7\u00e3o para as operadoras de telecomunica\u00e7\u00f5es para informar sobre reclama\u00e7\u00f5es de cobertura e sinal prestados na cidade. O objetivo \u00e9 sanar d\u00favidas vindas de mun\u00edcipes aos \u00f3rg\u00e3os de prote\u00e7\u00e3o e defesa do consumidor. Para prestar esclarecimentos, representantes da Telef\u00f4nica (Vivo) estiveram nessa sexta-feira, 19, [&hellip;]<\/p>\n","protected":false},"author":96,"featured_media":90042,"comment_status":"closed","ping_status":"closed","sticky":false,"template":"","format":"standard","meta":{"footnotes":""},"categories":[254],"tags":[],"class_list":["post-90043","post","type-post","status-publish","format-standard","has-post-thumbnail","hentry","category-politica"],"_links":{"self":[{"href":"https:\/\/diarioregionaldigital.com.br\/index.php?rest_route=\/wp\/v2\/posts\/90043","targetHints":{"allow":["GET"]}}],"collection":[{"href":"https:\/\/diarioregionaldigital.com.br\/index.php?rest_route=\/wp\/v2\/posts"}],"about":[{"href":"https:\/\/diarioregionaldigital.com.br\/index.php?rest_route=\/wp\/v2\/types\/post"}],"author":[{"embeddable":true,"href":"https:\/\/diarioregionaldigital.com.br\/index.php?rest_route=\/wp\/v2\/users\/96"}],"replies":[{"embeddable":true,"href":"https:\/\/diarioregionaldigital.com.br\/index.php?rest_route=%2Fwp%2Fv2%2Fcomments&post=90043"}],"version-history":[{"count":0,"href":"https:\/\/diarioregionaldigital.com.br\/index.php?rest_route=\/wp\/v2\/posts\/90043\/revisions"}],"wp:featuredmedia":[{"embeddable":true,"href":"https:\/\/diarioregionaldigital.com.br\/index.php?rest_route=\/wp\/v2\/media\/90042"}],"wp:attachment":[{"href":"https:\/\/diarioregionaldigital.com.br\/index.php?rest_route=%2Fwp%2Fv2%2Fmedia&parent=90043"}],"wp:term":[{"taxonomy":"category","embeddable":true,"href":"https:\/\/diarioregionaldigital.com.br\/index.php?rest_route=%2Fwp%2Fv2%2Fcategories&post=90043"},{"taxonomy":"post_tag","embeddable":true,"href":"https:\/\/diarioregionaldigital.com.br\/index.php?rest_route=%2Fwp%2Fv2%2Ftags&post=90043"}],"curies":[{"name":"wp","href":"https:\/\/api.w.org\/{rel}","templated":true}]}}