{"id":90041,"date":"2018-01-19T18:37:16","date_gmt":"2018-01-19T20:37:16","guid":{"rendered":"http:\/\/diarioregionaljf.com.br\/2018\/01\/19\/guerreiras-de-clara-leva-bloco-inedito-para-o-pre-carnaval-2018-de-juiz-de-fora\/"},"modified":"2018-01-19T18:37:16","modified_gmt":"2018-01-19T20:37:16","slug":"guerreiras-de-clara-leva-bloco-inedito-para-o-pre-carnaval-2018-de-juiz-de-fora","status":"publish","type":"post","link":"https:\/\/diarioregionaldigital.com.br\/?p=90041","title":{"rendered":"Guerreiras de Clara leva bloco in\u00e9dito para o pr\u00e9-carnaval 2018 de Juiz de Fora"},"content":{"rendered":"<p>As Guerreiras de Clara marcam presen\u00e7a no Corredor da Folia, pr\u00e9-carnaval de Juiz de Fora, levando o seu bloco \u00e0 Pra\u00e7a Agassis, no domingo, dia 28 de janeiro, das 15h \u00e0s 21h.<\/p>\n<p>Este ano, pela primeira vez com o seu pr\u00f3prio bloco, as Guerreiras contam, na sua apresenta\u00e7\u00e3o, com a percuss\u00e3o das mulheres da Oficina BatuqueDelas, al\u00e9m de uma banda com convidadas muito especiais.<\/p>\n<p>O evento, gratuito e de f\u00e1cil acesso, promove tamb\u00e9m outras manifesta\u00e7\u00f5es culturais de artistas da<br \/>cidade, numa programa\u00e7\u00e3o bastante diversificada (confira abaixo).<\/p>\n<h4>Programa\u00e7\u00e3o:<\/h4>\n<p>15h In\u00edcio do evento (som mec\u00e2nico)<br \/>15:30h Vinil \u00e9 Arte (DJ Pedro Paiva)<br \/>15:30h &#8220;Trupe Tear&#8221;: tecido acrob\u00e1tico<br \/>16h &#8220;e Dan\u00e7o&#8221; companhia de dan\u00e7a apresenta &#8220;Toda mulher&#8221;<br \/>16:30h &#8220;Dandaras e Marias&#8221;: coletivo feminino de Capoeira.<br \/>17h &#8220;Guerreiras de Clara&#8221; e &#8220;Batuquedelas&#8221;<br \/>19h Vinil \u00e9 Arte (DJ Pedro Paiva)<br \/>20h Som mec\u00e2nico<\/p>\n<h4>Bloco Arteria<\/h4>\n<p>Pelo segundo ano consecutivo, as Guerreiras de Clara participam do Bloco Arteria, que lan\u00e7ou a entrada do grupo no Carnaval de Juiz de Fora, em 2017.<br \/>O Bloco Arteria acontece no s\u00e1bado, dia 27 de janeiro, a partir das 14h, na Pra\u00e7a Presidente Kennedy, no bairro Paineiras. As Guerreiras fazem a sua apresenta\u00e7\u00e3o \u00e0s 17h.<\/p>\n<h4>Guerreiras de Clara<\/h4>\n<p>Guerreiras de Clara \u00e9 um projeto musical nascido em Juiz de Fora \/MG com o objetivo de homenagear a grande int\u00e9rprete da m\u00fasica brasileira Clara Nunes.<br \/>Em pouco tempo, o grupo, que \u00e9 formado exclusivamente por mulheres, se destacou no cen\u00e1rio musical da cidade e regi\u00e3o ao empregar a sua identidade singular nos arranjos das m\u00fasicas que consagraram a carreira de Clara. Com a<br \/>proposta de fomentar a nossa cultura, alguns ritmos brasileiros ganham destaque na apresenta\u00e7\u00e3o, como o ijex\u00e1, o samba e o bai\u00e3o.<\/p>\n<p>A contribui\u00e7\u00e3o das Guerreiras vai al\u00e9m das apresenta\u00e7\u00f5es e&nbsp;da inser\u00e7\u00e3o da m\u00fasica popular brasileira na comunidade. A valoriza\u00e7\u00e3o da figura feminina \u00e9 not\u00e1vel e transformada em for\u00e7a criativa na execu\u00e7\u00e3o e pesquisa do legado musical de nosso pa\u00eds.<\/p>\n<p>Como a proposta das Guerreiras de Clara \u00e9 colocar, a cada ano, mais mulheres na rua, promovendo o Carnaval de JF, o grupo vem, h\u00e1 mais de um ano, trabalhando em sua estrutura musical,&nbsp;realizando oficinas de percuss\u00e3o em parceria com o projeto \u201cBatuqueDelas\u201d, buscando&nbsp; agregar \u00e0 bateria do<br \/>bloco mulheres interessadas no fazer musical e na divulga\u00e7\u00e3o da m\u00fasica e da cultura popular brasileiras.<\/p>\n<hr \/>\n<p>&nbsp;Fonte: Assessoria<\/p>\n","protected":false},"excerpt":{"rendered":"<p>As Guerreiras de Clara marcam presen\u00e7a no Corredor da Folia, pr\u00e9-carnaval de Juiz de Fora, levando o seu bloco \u00e0 Pra\u00e7a Agassis, no domingo, dia 28 de janeiro, das 15h \u00e0s 21h. Este ano, pela primeira vez com o seu pr\u00f3prio bloco, as Guerreiras contam, na sua apresenta\u00e7\u00e3o, com a percuss\u00e3o das mulheres da Oficina [&hellip;]<\/p>\n","protected":false},"author":96,"featured_media":90040,"comment_status":"closed","ping_status":"closed","sticky":false,"template":"","format":"standard","meta":{"footnotes":""},"categories":[253],"tags":[],"class_list":["post-90041","post","type-post","status-publish","format-standard","has-post-thumbnail","hentry","category-cidade"],"_links":{"self":[{"href":"https:\/\/diarioregionaldigital.com.br\/index.php?rest_route=\/wp\/v2\/posts\/90041","targetHints":{"allow":["GET"]}}],"collection":[{"href":"https:\/\/diarioregionaldigital.com.br\/index.php?rest_route=\/wp\/v2\/posts"}],"about":[{"href":"https:\/\/diarioregionaldigital.com.br\/index.php?rest_route=\/wp\/v2\/types\/post"}],"author":[{"embeddable":true,"href":"https:\/\/diarioregionaldigital.com.br\/index.php?rest_route=\/wp\/v2\/users\/96"}],"replies":[{"embeddable":true,"href":"https:\/\/diarioregionaldigital.com.br\/index.php?rest_route=%2Fwp%2Fv2%2Fcomments&post=90041"}],"version-history":[{"count":0,"href":"https:\/\/diarioregionaldigital.com.br\/index.php?rest_route=\/wp\/v2\/posts\/90041\/revisions"}],"wp:featuredmedia":[{"embeddable":true,"href":"https:\/\/diarioregionaldigital.com.br\/index.php?rest_route=\/wp\/v2\/media\/90040"}],"wp:attachment":[{"href":"https:\/\/diarioregionaldigital.com.br\/index.php?rest_route=%2Fwp%2Fv2%2Fmedia&parent=90041"}],"wp:term":[{"taxonomy":"category","embeddable":true,"href":"https:\/\/diarioregionaldigital.com.br\/index.php?rest_route=%2Fwp%2Fv2%2Fcategories&post=90041"},{"taxonomy":"post_tag","embeddable":true,"href":"https:\/\/diarioregionaldigital.com.br\/index.php?rest_route=%2Fwp%2Fv2%2Ftags&post=90041"}],"curies":[{"name":"wp","href":"https:\/\/api.w.org\/{rel}","templated":true}]}}