{"id":90037,"date":"2018-01-19T18:29:55","date_gmt":"2018-01-19T20:29:55","guid":{"rendered":"http:\/\/diarioregionaljf.com.br\/2018\/01\/19\/um-santo-militar\/"},"modified":"2018-04-16T08:05:40","modified_gmt":"2018-04-16T11:05:40","slug":"um-santo-militar","status":"publish","type":"post","link":"https:\/\/diarioregionaldigital.com.br\/?p=90037","title":{"rendered":"Um Santo Militar"},"content":{"rendered":"<p>Era valoroso soldado romano. Jovem pleno de sa\u00fade, dado aos exerc\u00edcios f\u00edsicos, senhor de um corpo robusto, limpidez de alma, transpar\u00eancia de inten\u00e7\u00f5es e determina\u00e7\u00e3o de vontade. Fidel\u00edssimo aos compromissos do ex\u00e9rcito imperial, conquistou a confian\u00e7a de seus chefes. Caiu nas gra\u00e7as at\u00e9 mesmo do Imperador Caius Aurelius Valerius Decoles Dioclecianus (284 &#8211; 305 d.C.), senhor dos dom\u00ednios de quase todas as terras ao redor do Mar Mediterr\u00e2neo, ao qual chegaram a chamar \u201cMare Nostrum\u201d e, no inverso, quando o fechavam, \u201cMare Clausum\u201d. Dadas \u00e0s virtudes do nobre soldado, o mencionado Imperador o promoveu ao posto de Capit\u00e3o da Guarda Pretoriana. Estamos falando de Sebasti\u00e3o, o santo militar t\u00e3o venerado por todos os cantos do mundo. Sendo seu \u201cDies Natalis\u201d 20 de janeiro, tem seu nome imortalizado num dos mais importantes Estados da Federa\u00e7\u00e3o brasileira e em centenas de cidades, bairros e povoados, de par\u00f3quias, igrejas, capelas, estabelecimentos e institui\u00e7\u00f5es.<\/p>\n<p>Naqueles primeiros s\u00e9culos, os seguidores do Crucificado n\u00e3o viviam tranquilos, pelo contr\u00e1rio, eram perseguidos sumariamente, apenas por professar a f\u00e9 naquele que ressuscitara ao terceiro dia, amado e propagado com Divino Salvador da humanidade. Por\u00e9m, em meios \u00e0s tormentas, davam cada vez maior prova de sua convic\u00e7\u00e3o religiosa, seu amor a Deus e ao pr\u00f3ximo.<\/p>\n<p>Ao ser percebido nestes caminhos, a admira\u00e7\u00e3o dos generais e a predile\u00e7\u00e3o do Imperador se transformaram em \u00f3dio e persegui\u00e7\u00e3o. Incitado a sacrificar aos deuses falsos e a renunciar a Cristo, n\u00e3o cede \u00e0s press\u00f5es. \u00c9 condenado \u00e0 morte no tribunal da injusti\u00e7a, sendo atado a uma \u00e1rvore e cravejado de setas. Julgando-o morto, seu corpo foi atirado ao rio. Por\u00e9m, Irene, fiel aut\u00eantica e destemida, o v\u00ea respirando, recolhe-o e leva-o \u00e0 comunidade crist\u00e3 que o cura. Refeito de suas for\u00e7as, \u00e9 levado outra vez diante dos magistrados e \u00e9 novamente condenado a pena capital, desta vez, por meio de apedrejamento, sendo, depois de morte constatada, atirado ao esgoto da cidade. Retirado deste lugar f\u00e9tido e degradante, por outra fiel crist\u00e3, Luciana, seu corpo que fora santificado pelo batismo, alimentado tantas vezes pela Eucaristia, \u00e9 levado \u00e0 comunidade eclesial onde recebe sepultamento digno. H\u00e1 nos arredores de Roma, famosa catacumba com seu nome, onde centenas de outros crist\u00e3os, em geral m\u00e1rtires, est\u00e3o sepultados em galerias subterr\u00e2neas. Mais uma vez se comprova a for\u00e7a do bem contra o mal, a prote\u00e7\u00e3o e a miseric\u00f3rdia de Deus infinitamente superiores a qualquer poder humano. Cante-se outra vez com Maria, M\u00e3e do Salvador: \u201cDerruba os poderosos de seus tronos e eleva os humildes\u201d (Lc 1, 52).<\/p>\n<p>Quando Debussy, em 1911, comp\u00f4s sua cantata &#8220;Le Martyrre de Saint S\u00ed\u00e9bastien&#8221;, demonstrou a extens\u00e3o da admira\u00e7\u00e3o pelo testemunho de tenacidade e perseveran\u00e7a na f\u00e9 do santo militar, levando sua bem-aventurada mem\u00f3ria pelas asas da arte musical a todos os recantos do orbe.<\/p>\n<p>M\u00e1rtir, derramando seu sangue \u00e0 maneira de seu Mestre, \u00e9 invocado hoje como protetor de todos os militares no cumprimento de seus deveres e como intercessor contra a peste, a fome, a guerra e todo mal contagioso.<\/p>\n<p>Que ele interceda por todos n\u00f3s!<\/p>\n<p>&nbsp;<\/p>\n<p><strong>Dom Gil Ant\u00f4nio Moreira &#8211; Arcebispo Metropolitano de Juiz de Fora<\/strong><\/p>\n<p>&nbsp;<\/p>\n","protected":false},"excerpt":{"rendered":"<p>Era valoroso soldado romano. Jovem pleno de sa\u00fade, dado aos exerc\u00edcios f\u00edsicos, senhor de um corpo robusto, limpidez de alma, transpar\u00eancia de inten\u00e7\u00f5es e determina\u00e7\u00e3o de vontade. Fidel\u00edssimo aos compromissos do ex\u00e9rcito imperial, conquistou a confian\u00e7a de seus chefes. Caiu nas gra\u00e7as at\u00e9 mesmo do Imperador Caius Aurelius Valerius Decoles Dioclecianus (284 &#8211; 305 d.C.), [&hellip;]<\/p>\n","protected":false},"author":96,"featured_media":0,"comment_status":"closed","ping_status":"closed","sticky":false,"template":"","format":"standard","meta":{"footnotes":""},"categories":[276],"tags":[],"class_list":["post-90037","post","type-post","status-publish","format-standard","hentry","category-dom-gil"],"_links":{"self":[{"href":"https:\/\/diarioregionaldigital.com.br\/index.php?rest_route=\/wp\/v2\/posts\/90037","targetHints":{"allow":["GET"]}}],"collection":[{"href":"https:\/\/diarioregionaldigital.com.br\/index.php?rest_route=\/wp\/v2\/posts"}],"about":[{"href":"https:\/\/diarioregionaldigital.com.br\/index.php?rest_route=\/wp\/v2\/types\/post"}],"author":[{"embeddable":true,"href":"https:\/\/diarioregionaldigital.com.br\/index.php?rest_route=\/wp\/v2\/users\/96"}],"replies":[{"embeddable":true,"href":"https:\/\/diarioregionaldigital.com.br\/index.php?rest_route=%2Fwp%2Fv2%2Fcomments&post=90037"}],"version-history":[{"count":0,"href":"https:\/\/diarioregionaldigital.com.br\/index.php?rest_route=\/wp\/v2\/posts\/90037\/revisions"}],"wp:attachment":[{"href":"https:\/\/diarioregionaldigital.com.br\/index.php?rest_route=%2Fwp%2Fv2%2Fmedia&parent=90037"}],"wp:term":[{"taxonomy":"category","embeddable":true,"href":"https:\/\/diarioregionaldigital.com.br\/index.php?rest_route=%2Fwp%2Fv2%2Fcategories&post=90037"},{"taxonomy":"post_tag","embeddable":true,"href":"https:\/\/diarioregionaldigital.com.br\/index.php?rest_route=%2Fwp%2Fv2%2Ftags&post=90037"}],"curies":[{"name":"wp","href":"https:\/\/api.w.org\/{rel}","templated":true}]}}