{"id":90036,"date":"2018-01-19T18:27:14","date_gmt":"2018-01-19T20:27:14","guid":{"rendered":"http:\/\/diarioregionaljf.com.br\/2018\/01\/19\/proposta-proibe-incentivos-fiscais-em-caso-de-deficit-nas-contas-do-governo\/"},"modified":"2018-01-19T18:27:14","modified_gmt":"2018-01-19T20:27:14","slug":"proposta-proibe-incentivos-fiscais-em-caso-de-deficit-nas-contas-do-governo","status":"publish","type":"post","link":"https:\/\/diarioregionaldigital.com.br\/?p=90036","title":{"rendered":"Proposta pro\u00edbe incentivos fiscais em caso de deficit nas contas do governo"},"content":{"rendered":"<p>Est\u00e1 em an\u00e1lise na C\u00e2mara dos Deputados proposta que altera a Lei de Responsabilidade Fiscal (Lei Complementar 101\/2000) para proibir que o governo federal conceda novos incentivos fiscais quando a meta de resultado prim\u00e1rio para o ano for deficit\u00e1ria.<\/p>\n<p>A iniciativa consta no Projeto de Lei Complementar 412\/2017, do deputado Jos\u00e9 Guimar\u00e3es (PT-CE). Ele refor\u00e7a que o cumprimento da meta de d\u00e9ficit prim\u00e1rio deste ano, de R$159 bilh\u00f5es, pode ser prejudicado com o aumento de gastos, sobretudo, com incentivos fiscais concedidos pelo governo a setores espec\u00edficos.<\/p>\n<p>Jos\u00e9 Guimar\u00e3es criticou medidas como o Programa Especial de Regulariza\u00e7\u00e3o Tribut\u00e1ria (PERT), conhecido como novo Refis, que permite o parcelamento de d\u00edvidas junto \u00e0 Receita Federal e \u00e0 Fazenda. Segundo ele, essas institui\u00e7\u00f5es estimaram perda de R$63,8 bilh\u00f5es com o PERT at\u00e9 2020.<\/p>\n<p>&nbsp;<\/p>\n<h4>DIREITOS SOCIAIS<\/h4>\n<p>\u201cPara que milhares de empres\u00e1rios tenham suas d\u00edvidas fiscais perdoadas por meio do Refis, os trabalhadores e os cidad\u00e3os em situa\u00e7\u00e3o mais vulner\u00e1vel s\u00e3o onerados com o aumento de tributos e redu\u00e7\u00e3o dos direitos sociais\u201d, disse. \u201cO peso do ajuste est\u00e1, portanto, recaindo somente sobre a parcela mais fr\u00e1gil da popula\u00e7\u00e3o\u201d, complementou o deputado.<\/p>\n<p>S\u00e3o exclu\u00eddas da proibi\u00e7\u00e3o as ren\u00fancias fiscais que abranjam \u00e1reas essenciais, como sa\u00fade, educa\u00e7\u00e3o, assist\u00eancia social e programas sociais.<\/p>\n<p>O autor observou que a ren\u00fancia de receitas prevista na Lei de Diretrizes Or\u00e7ament\u00e1rias (LDO) para 2017 \u00e9 de R$310 bilh\u00f5es, \u201cmontante extremamente elevado, que deve ser reavaliado em momentos dif\u00edceis, desde que resguardados os incentivos de alta relev\u00e2ncia social\u201d.<\/p>\n<p>&nbsp;<\/p>\n<h4>TRAMITA\u00c7\u00c3O<\/h4>\n<p>A proposta tramita com prioridade e ser\u00e1 analisada pelas comiss\u00f5es de Finan\u00e7as e Tributa\u00e7\u00e3o e de Constitui\u00e7\u00e3o e Justi\u00e7a e de Cidadania, antes de seguir para an\u00e1lise do Plen\u00e1rio.<\/p>\n<p>Fonte: Ag\u00eancia C\u00e2mara Not\u00edcia<\/p>\n","protected":false},"excerpt":{"rendered":"<p>Est\u00e1 em an\u00e1lise na C\u00e2mara dos Deputados proposta que altera a Lei de Responsabilidade Fiscal (Lei Complementar 101\/2000) para proibir que o governo federal conceda novos incentivos fiscais quando a meta de resultado prim\u00e1rio para o ano for deficit\u00e1ria. A iniciativa consta no Projeto de Lei Complementar 412\/2017, do deputado Jos\u00e9 Guimar\u00e3es (PT-CE). Ele refor\u00e7a [&hellip;]<\/p>\n","protected":false},"author":96,"featured_media":90035,"comment_status":"closed","ping_status":"closed","sticky":false,"template":"","format":"standard","meta":{"footnotes":""},"categories":[254],"tags":[],"class_list":["post-90036","post","type-post","status-publish","format-standard","has-post-thumbnail","hentry","category-politica"],"_links":{"self":[{"href":"https:\/\/diarioregionaldigital.com.br\/index.php?rest_route=\/wp\/v2\/posts\/90036","targetHints":{"allow":["GET"]}}],"collection":[{"href":"https:\/\/diarioregionaldigital.com.br\/index.php?rest_route=\/wp\/v2\/posts"}],"about":[{"href":"https:\/\/diarioregionaldigital.com.br\/index.php?rest_route=\/wp\/v2\/types\/post"}],"author":[{"embeddable":true,"href":"https:\/\/diarioregionaldigital.com.br\/index.php?rest_route=\/wp\/v2\/users\/96"}],"replies":[{"embeddable":true,"href":"https:\/\/diarioregionaldigital.com.br\/index.php?rest_route=%2Fwp%2Fv2%2Fcomments&post=90036"}],"version-history":[{"count":0,"href":"https:\/\/diarioregionaldigital.com.br\/index.php?rest_route=\/wp\/v2\/posts\/90036\/revisions"}],"wp:featuredmedia":[{"embeddable":true,"href":"https:\/\/diarioregionaldigital.com.br\/index.php?rest_route=\/wp\/v2\/media\/90035"}],"wp:attachment":[{"href":"https:\/\/diarioregionaldigital.com.br\/index.php?rest_route=%2Fwp%2Fv2%2Fmedia&parent=90036"}],"wp:term":[{"taxonomy":"category","embeddable":true,"href":"https:\/\/diarioregionaldigital.com.br\/index.php?rest_route=%2Fwp%2Fv2%2Fcategories&post=90036"},{"taxonomy":"post_tag","embeddable":true,"href":"https:\/\/diarioregionaldigital.com.br\/index.php?rest_route=%2Fwp%2Fv2%2Ftags&post=90036"}],"curies":[{"name":"wp","href":"https:\/\/api.w.org\/{rel}","templated":true}]}}