{"id":90034,"date":"2018-01-19T18:24:00","date_gmt":"2018-01-19T20:24:00","guid":{"rendered":"http:\/\/diarioregionaljf.com.br\/2018\/01\/19\/diario-oficial-oficializa-portaria-que-reajusta-aposentadorias-acima-do-salario-minimo\/"},"modified":"2018-01-19T18:24:00","modified_gmt":"2018-01-19T20:24:00","slug":"diario-oficial-oficializa-portaria-que-reajusta-aposentadorias-acima-do-salario-minimo","status":"publish","type":"post","link":"https:\/\/diarioregionaldigital.com.br\/?p=90034","title":{"rendered":"Di\u00e1rio Oficial oficializa portaria que reajusta aposentadorias acima do sal\u00e1rio m\u00ednimo"},"content":{"rendered":"<p>Desde o dia 1\u00ba de janeiro de 2018, segurados da Previd\u00eancia que recebem acima do sal\u00e1rio m\u00ednimo passam a ter o benef\u00edcio reajustado em 2,07%, conforme portaria do Minist\u00e9rio da Fazenda publicada no Di\u00e1rio Oficial da Uni\u00e3o.<\/p>\n<p>O teto previdenci\u00e1rio passa a ser R$5.645,80. O texto tamb\u00e9m estabelece novas faixas de contribui\u00e7\u00e3o do Instituto Nacional do Seguro Social (INSS) de trabalhadores empregados, dom\u00e9sticos e avulsos. S\u00e3o elas: 8% para os que ganham at\u00e9 R$1.693,72; 9% para quem ganha entre R$1.693,73 e R$2.822,90; e 11% para os que ganham entre R$2.822,91 e R$5.645,80. As al\u00edquotas \u2013 relativas aos sal\u00e1rios pagos em janeiro \u2013 devem ser recolhidas apenas em fevereiro.<\/p>\n<p>O valor m\u00ednimo dos benef\u00edcios pagos pelo INSS \u2013 aposentadoria, aux\u00edlio-doen\u00e7a, pens\u00e3o por morte \u2013, das aposentadorias dos aeronautas e das pens\u00f5es especiais pagas \u00e0s v\u00edtimas da s\u00edndrome da talidomida ser\u00e1 de R$954. Tamb\u00e9m ter\u00e3o o valor de R$954 os benef\u00edcios da Lei Org\u00e2nica da Assist\u00eancia Social (Loas) para idosos e portadores de defici\u00eancia, para a renda mensal vital\u00edcia e para as pens\u00f5es especiais pagas aos dependentes das v\u00edtimas de hemodi\u00e1lise da cidade de Caruaru (PE).<\/p>\n<p>J\u00e1 o benef\u00edcio pago aos seringueiros e seus dependentes, com base na Lei n\u00ba 7.986\/89, ter\u00e1 valor de R$1.908,00.<br \/>A cota do sal\u00e1rio-fam\u00edlia passa a ser de R$45 para o segurado com remunera\u00e7\u00e3o mensal n\u00e3o superior a R$877,67 e de R$31,71 para o segurado com remunera\u00e7\u00e3o mensal superior a R$877,67 e igual ou inferior a R$1.319,18. O Minist\u00e9rio da Fazenda informou que os recolhimentos feitos em janeiro \u2013 relativos aos sal\u00e1rios de dezembro passado \u2013 ainda seguem a tabela anterior.<\/p>\n<hr \/>\n<p>&nbsp;<\/p>\n","protected":false},"excerpt":{"rendered":"<p>Desde o dia 1\u00ba de janeiro de 2018, segurados da Previd\u00eancia que recebem acima do sal\u00e1rio m\u00ednimo passam a ter o benef\u00edcio reajustado em 2,07%, conforme portaria do Minist\u00e9rio da Fazenda publicada no Di\u00e1rio Oficial da Uni\u00e3o. O teto previdenci\u00e1rio passa a ser R$5.645,80. O texto tamb\u00e9m estabelece novas faixas de contribui\u00e7\u00e3o do Instituto Nacional [&hellip;]<\/p>\n","protected":false},"author":96,"featured_media":90033,"comment_status":"closed","ping_status":"closed","sticky":false,"template":"","format":"standard","meta":{"footnotes":""},"categories":[261],"tags":[],"class_list":["post-90034","post","type-post","status-publish","format-standard","has-post-thumbnail","hentry","category-economia"],"_links":{"self":[{"href":"https:\/\/diarioregionaldigital.com.br\/index.php?rest_route=\/wp\/v2\/posts\/90034","targetHints":{"allow":["GET"]}}],"collection":[{"href":"https:\/\/diarioregionaldigital.com.br\/index.php?rest_route=\/wp\/v2\/posts"}],"about":[{"href":"https:\/\/diarioregionaldigital.com.br\/index.php?rest_route=\/wp\/v2\/types\/post"}],"author":[{"embeddable":true,"href":"https:\/\/diarioregionaldigital.com.br\/index.php?rest_route=\/wp\/v2\/users\/96"}],"replies":[{"embeddable":true,"href":"https:\/\/diarioregionaldigital.com.br\/index.php?rest_route=%2Fwp%2Fv2%2Fcomments&post=90034"}],"version-history":[{"count":0,"href":"https:\/\/diarioregionaldigital.com.br\/index.php?rest_route=\/wp\/v2\/posts\/90034\/revisions"}],"wp:featuredmedia":[{"embeddable":true,"href":"https:\/\/diarioregionaldigital.com.br\/index.php?rest_route=\/wp\/v2\/media\/90033"}],"wp:attachment":[{"href":"https:\/\/diarioregionaldigital.com.br\/index.php?rest_route=%2Fwp%2Fv2%2Fmedia&parent=90034"}],"wp:term":[{"taxonomy":"category","embeddable":true,"href":"https:\/\/diarioregionaldigital.com.br\/index.php?rest_route=%2Fwp%2Fv2%2Fcategories&post=90034"},{"taxonomy":"post_tag","embeddable":true,"href":"https:\/\/diarioregionaldigital.com.br\/index.php?rest_route=%2Fwp%2Fv2%2Ftags&post=90034"}],"curies":[{"name":"wp","href":"https:\/\/api.w.org\/{rel}","templated":true}]}}