{"id":90032,"date":"2018-01-19T18:18:47","date_gmt":"2018-01-19T20:18:47","guid":{"rendered":"http:\/\/diarioregionaljf.com.br\/2018\/01\/19\/reparticoes-publicas-deverao-oferecer-acesso-a-internet-gratuito\/"},"modified":"2018-01-19T18:18:47","modified_gmt":"2018-01-19T20:18:47","slug":"reparticoes-publicas-deverao-oferecer-acesso-a-internet-gratuito","status":"publish","type":"post","link":"https:\/\/diarioregionaldigital.com.br\/?p=90032","title":{"rendered":"Reparti\u00e7\u00f5es p\u00fablicas dever\u00e3o oferecer acesso a internet gratuito"},"content":{"rendered":"<p>Na \u00faltima semana, o Executivo sancionou mais uma lei do vereador Wanderson Castelar (PT). A norma tem o intuito de permitir o acesso gratuito ao sinal de internet em todos os \u00f3rg\u00e3os e reparti\u00e7\u00f5es p\u00fablicas do munic\u00edpio de Juiz de Fora.<\/p>\n<p>Os artigos dispon\u00edveis no corpo da lei informam que nem todos os \u00f3rg\u00e3os que competem da mesma, ser\u00e3o obrigados a oferecer o acesso a internet, somente os locais que tiverem disponibilidade e recursos tecnol\u00f3gicos cab\u00edveis. Assim, dever\u00e1 ser vis\u00edvel para todos os cidad\u00e3os, uma placa com o s\u00edmbolo universal: &#8216;Wi-fi livre&#8217;; seguido pela inscri\u00e7\u00e3o &#8216;JF internet gr\u00e1tis&#8217;.<\/p>\n<p>Os estabelecimentos que adotarem a atividade, dever\u00e3o manter um canal disponibilizando filtros que impe\u00e7am o acesso \u00e0 pornografia e conte\u00fados impr\u00f3prios, bem como dotar o sistema de dispositivo que detecta a poss\u00edvel exist\u00eancia de crimes como a pedofilia e a obten\u00e7\u00e3o indevida de dados banc\u00e1rios, al\u00e9m de outros crimes que possam ser detectados pela rede.<\/p>\n<p>Caso seja constatada a pr\u00e1tica criminosa por parte do usu\u00e1rio, o respons\u00e1vel pela reparti\u00e7\u00e3o dever\u00e1 notificar, de forma imediata, as autoridades competentes, para que os pr\u00f3prios tomem as medidas necess\u00e1rias.<\/p>\n<p>Fonte: Assessoria<\/p>\n","protected":false},"excerpt":{"rendered":"<p>Na \u00faltima semana, o Executivo sancionou mais uma lei do vereador Wanderson Castelar (PT). A norma tem o intuito de permitir o acesso gratuito ao sinal de internet em todos os \u00f3rg\u00e3os e reparti\u00e7\u00f5es p\u00fablicas do munic\u00edpio de Juiz de Fora. Os artigos dispon\u00edveis no corpo da lei informam que nem todos os \u00f3rg\u00e3os que [&hellip;]<\/p>\n","protected":false},"author":96,"featured_media":90031,"comment_status":"closed","ping_status":"closed","sticky":false,"template":"","format":"standard","meta":{"footnotes":""},"categories":[254],"tags":[],"class_list":["post-90032","post","type-post","status-publish","format-standard","has-post-thumbnail","hentry","category-politica"],"_links":{"self":[{"href":"https:\/\/diarioregionaldigital.com.br\/index.php?rest_route=\/wp\/v2\/posts\/90032","targetHints":{"allow":["GET"]}}],"collection":[{"href":"https:\/\/diarioregionaldigital.com.br\/index.php?rest_route=\/wp\/v2\/posts"}],"about":[{"href":"https:\/\/diarioregionaldigital.com.br\/index.php?rest_route=\/wp\/v2\/types\/post"}],"author":[{"embeddable":true,"href":"https:\/\/diarioregionaldigital.com.br\/index.php?rest_route=\/wp\/v2\/users\/96"}],"replies":[{"embeddable":true,"href":"https:\/\/diarioregionaldigital.com.br\/index.php?rest_route=%2Fwp%2Fv2%2Fcomments&post=90032"}],"version-history":[{"count":0,"href":"https:\/\/diarioregionaldigital.com.br\/index.php?rest_route=\/wp\/v2\/posts\/90032\/revisions"}],"wp:featuredmedia":[{"embeddable":true,"href":"https:\/\/diarioregionaldigital.com.br\/index.php?rest_route=\/wp\/v2\/media\/90031"}],"wp:attachment":[{"href":"https:\/\/diarioregionaldigital.com.br\/index.php?rest_route=%2Fwp%2Fv2%2Fmedia&parent=90032"}],"wp:term":[{"taxonomy":"category","embeddable":true,"href":"https:\/\/diarioregionaldigital.com.br\/index.php?rest_route=%2Fwp%2Fv2%2Fcategories&post=90032"},{"taxonomy":"post_tag","embeddable":true,"href":"https:\/\/diarioregionaldigital.com.br\/index.php?rest_route=%2Fwp%2Fv2%2Ftags&post=90032"}],"curies":[{"name":"wp","href":"https:\/\/api.w.org\/{rel}","templated":true}]}}