{"id":90030,"date":"2018-01-19T18:18:41","date_gmt":"2018-01-19T20:18:41","guid":{"rendered":"http:\/\/diarioregionaljf.com.br\/2018\/01\/19\/policia-civil-ganha-reforco-de-mais-50-veiculos-em-sua-frota\/"},"modified":"2018-01-19T18:18:41","modified_gmt":"2018-01-19T20:18:41","slug":"policia-civil-ganha-reforco-de-mais-50-veiculos-em-sua-frota","status":"publish","type":"post","link":"https:\/\/diarioregionaldigital.com.br\/?p=90030","title":{"rendered":"Pol\u00edcia Civil ganha refor\u00e7o de mais 50 ve\u00edculos em sua frota"},"content":{"rendered":"<p>A Pol\u00edcia Civil de Minas Gerais (PCMG) recebeu, na tarde desta quarta-feira, 17, o refor\u00e7o de 50 novos ve\u00edculos em sua frota. Os carros foram destinados a 40 munic\u00edpios de diversas \u00e1reas do Estado, al\u00e9m dos institutos de Criminal\u00edstica e M\u00e9dico Legal para auxiliar os trabalhados de per\u00edcia criminal da institui\u00e7\u00e3o. Nos dois \u00faltimos anos foram entregues mais 300 ve\u00edculos a institui\u00e7\u00e3o.<\/p>\n<p>Estiveram presentes no evento o governador de Minas Gerais, Fernando Pimentel, o Chefe da Pol\u00edcia Civil, Jo\u00e3o Octac\u00edlio Silva Neto, o Chefe-Adjunto da PCMG, Rog\u00e9rio de Melo Franco Assis Ara\u00fajo, o Corregedor-Geral da PCMG, Gustavo Ad\u00e9lio Lara Ferreira, o Superintendente de Investiga\u00e7\u00e3o e Pol\u00edcia Judici\u00e1ria, M\u00e1rcio Lobato Rodrigues, o Chefe de Gabinete da PCMG, Bruno Tasca Cabral, o Diretor do Departamento de Tr\u00e2nsito de Minas Gerais, C\u00e9sar Augusto Monteiro Alves J\u00fanior, a Diretora da Academia de Pol\u00edcia Civil, Ana Cl\u00e1udia Oliveira Perry, o Superintendente de Informa\u00e7\u00f5es e Intelig\u00eancia Policial, Helbert Alexandre do Carmo, a Superintendente de Planejamento, Gest\u00e3o e Finan\u00e7as, Let\u00edcia Baptista Gamboge Reis, o Delegado Assistente da Chefia da PCMG, Alessandro da Matta, o Superintendente de Pol\u00edcia T\u00e9cnico-Cient\u00edfica, Roberto Sim\u00e3o, o Inspetor Geral dos Escriv\u00e3es de Pol\u00edcia, Adailson Gilberto de Oliveira, o Inspetor Geral dos Investigadores de Pol\u00edcia, Willian de Oliveira Braga al\u00e9m de policiais civis da Regi\u00e3o Metropolitana e interior.<\/p>\n<p>Estes ve\u00edculos ser\u00e3o os primeiros a serem entregues com o novo layout estabelecido pelo Conselho Nacional dos Chefes de Pol\u00edcia &#8211; \u00f3rg\u00e3o colegiado que re\u00fane todas as pol\u00edcias civis dos Estados e do Distrito Federal. De acordo com o novo padr\u00e3o, ser\u00e1 inclu\u00eddo o bras\u00e3o da Pol\u00edcia Civil de cada Estado.<\/p>\n<p>\u201cTenho certeza que esses ve\u00edculos v\u00eam para aprimorar e qualificar ainda mais as tarefas da nossa Pol\u00edcia Civil, al\u00e9m de garantir um trabalho cada vez mais eficaz e de qualidade para nossa popula\u00e7\u00e3o\u201d, destacou o Chefe da PC.<\/p>\n<p>A distribui\u00e7\u00e3o foi feita observando as necessidades de cada munic\u00edpio. \u201cProcuramos atender a todas as regionais da melhor forma poss\u00edvel. J\u00e1 t\u00ednhamos recebido 14 Pajeros e agora recebemos essas 50 viaturas, o que possibilitar\u00e1 a realoca\u00e7\u00e3o de alguns ve\u00edculos, al\u00e9m de contemplar a todos\u201d, disse o Superintendente de Pol\u00edcia T\u00e9cnico-Cient\u00edfica, Roberto Sim\u00e3o.<\/p>\n<p>&#8220;N\u00f3s estamos nos esfor\u00e7ando para dar \u00e0 Pol\u00edcia Civil as condi\u00e7\u00f5es necess\u00e1rias de trabalho e de efici\u00eancia naquilo que \u00e9 sua miss\u00e3o institucional. E os resultados j\u00e1 come\u00e7aram a aparecer em uma circunst\u00e2ncia em que, na maior parte do Brasil, o que estamos vendo \u00e9 o contr\u00e1rio. Em Minas Gerais estamos assistindo a uma queda significativa nos \u00edndices de criminalidade e isso, evidentemente, tem a ver com o trabalho das nossas for\u00e7as de seguran\u00e7a. E destaco a Pol\u00edcia Civil, j\u00e1 que sem ela isso tamb\u00e9m n\u00e3o seria poss\u00edvel\u201d, afirmou Pimentel.<\/p>\n<p>Os munic\u00edpios que ir\u00e3o receber uma viatura s\u00e3o Alfenas, Araguari, Bom Despacho, Capelinha, Caratinga, Conselheiro Lafaiete, Contagem, Diamantina, Formiga, Frutal, Governador Valadares, Itabira, Itajub\u00e1, Iturama, Janu\u00e1ria, Jo\u00e3o Monlevade, Lavras, Leopoldina, Manhua\u00e7u, Muria\u00e9, Nova Serrana, Par\u00e1 de Minas, Paracatu, Patroc\u00ednio, Passos, Pedra Azul, Pirapora, Ponte Nova, Ribeir\u00e3o das Neves, Santa Luzia, S\u00e3o Jo\u00e3o Del Rei, S\u00e3o Louren\u00e7o, S\u00e3o Sebasti\u00e3o do Para\u00edso, Sete Lagoas, Te\u00f3filo Otoni, Ub\u00e1, Uberl\u00e2ndia, Varginha, Vespasiano e Vi\u00e7osa.<\/p>\n<p>O Instituto de Criminal\u00edstica de Minas Gerais ir\u00e1 receber outras nove unidades e o Instituto M\u00e9dico Legal foi contemplado com uma viatura do mesmo modelo. Os 50 ve\u00edculos foram doados pela Secretaria Nacional de Seguran\u00e7a P\u00fablica (Senasp), por meio de um trabalho desenvolvido pelo Governo do Estado, atrav\u00e9s da Pol\u00edcia Civil. Al\u00e9m destes, um ve\u00edculo do modelo Jeep Renegade tamb\u00e9m ser\u00e1 entregue durante a solenidade. Ele foi adquirido por meio de emenda parlamentar federal e ser\u00e1 destinado \u00e0 sede da Pol\u00edcia Civil.<\/p>\n<p>&nbsp;<\/p>\n<p>Fonte: Assessoria<\/p>\n","protected":false},"excerpt":{"rendered":"<p>A Pol\u00edcia Civil de Minas Gerais (PCMG) recebeu, na tarde desta quarta-feira, 17, o refor\u00e7o de 50 novos ve\u00edculos em sua frota. Os carros foram destinados a 40 munic\u00edpios de diversas \u00e1reas do Estado, al\u00e9m dos institutos de Criminal\u00edstica e M\u00e9dico Legal para auxiliar os trabalhados de per\u00edcia criminal da institui\u00e7\u00e3o. Nos dois \u00faltimos anos [&hellip;]<\/p>\n","protected":false},"author":96,"featured_media":90029,"comment_status":"closed","ping_status":"closed","sticky":false,"template":"","format":"standard","meta":{"footnotes":""},"categories":[252],"tags":[],"class_list":["post-90030","post","type-post","status-publish","format-standard","has-post-thumbnail","hentry","category-regiao"],"_links":{"self":[{"href":"https:\/\/diarioregionaldigital.com.br\/index.php?rest_route=\/wp\/v2\/posts\/90030","targetHints":{"allow":["GET"]}}],"collection":[{"href":"https:\/\/diarioregionaldigital.com.br\/index.php?rest_route=\/wp\/v2\/posts"}],"about":[{"href":"https:\/\/diarioregionaldigital.com.br\/index.php?rest_route=\/wp\/v2\/types\/post"}],"author":[{"embeddable":true,"href":"https:\/\/diarioregionaldigital.com.br\/index.php?rest_route=\/wp\/v2\/users\/96"}],"replies":[{"embeddable":true,"href":"https:\/\/diarioregionaldigital.com.br\/index.php?rest_route=%2Fwp%2Fv2%2Fcomments&post=90030"}],"version-history":[{"count":0,"href":"https:\/\/diarioregionaldigital.com.br\/index.php?rest_route=\/wp\/v2\/posts\/90030\/revisions"}],"wp:featuredmedia":[{"embeddable":true,"href":"https:\/\/diarioregionaldigital.com.br\/index.php?rest_route=\/wp\/v2\/media\/90029"}],"wp:attachment":[{"href":"https:\/\/diarioregionaldigital.com.br\/index.php?rest_route=%2Fwp%2Fv2%2Fmedia&parent=90030"}],"wp:term":[{"taxonomy":"category","embeddable":true,"href":"https:\/\/diarioregionaldigital.com.br\/index.php?rest_route=%2Fwp%2Fv2%2Fcategories&post=90030"},{"taxonomy":"post_tag","embeddable":true,"href":"https:\/\/diarioregionaldigital.com.br\/index.php?rest_route=%2Fwp%2Fv2%2Ftags&post=90030"}],"curies":[{"name":"wp","href":"https:\/\/api.w.org\/{rel}","templated":true}]}}