{"id":90028,"date":"2018-01-19T18:17:06","date_gmt":"2018-01-19T20:17:06","guid":{"rendered":"http:\/\/diarioregionaljf.com.br\/2018\/01\/19\/inss-continua-executando-pente-fino-e-pode-cancelar-1-milhao-de-beneficios\/"},"modified":"2018-01-19T18:17:06","modified_gmt":"2018-01-19T20:17:06","slug":"inss-continua-executando-pente-fino-e-pode-cancelar-1-milhao-de-beneficios","status":"publish","type":"post","link":"https:\/\/diarioregionaldigital.com.br\/?p=90028","title":{"rendered":"INSS continua executando pente-fino e pode cancelar 1 milh\u00e3o de benef\u00edcios"},"content":{"rendered":"<p>O governo decidiu acelerar o pente-fino nos benef\u00edcios de aux\u00edlio-doen\u00e7a e aposentadorias por invalidez do INSS. O programa lan\u00e7ado em meados de 2016 fez at\u00e9 o fim do ano passado 249,8 mil per\u00edcias e a meta \u00e9 chegar a 1,2 milh\u00f5es de revis\u00f5es neste ano.&nbsp;At\u00e9 dezembro de 2017, foram cassados 226 mil benef\u00edcios, ou 90% dos casos analisados.<\/p>\n<p>Se atingir a meta e mantiver o percentual de cancelamentos, o governo vai deixar de pagar mais de 1 milh\u00e3o de benef\u00edcios. At\u00e9 agora, o programa de revis\u00f5es gerou uma economia de R$5,7 bilh\u00f5es e o Minist\u00e9rio do Desenvolvimento Social (MDS) calcula que a cifra vai chegar a R$20 bilh\u00f5es at\u00e9 o fim de 2018.<\/p>\n<p>Est\u00e3o sendo convocados para avalia\u00e7\u00e3o benefici\u00e1rios do aux\u00edlio-doen\u00e7a \u2013 com prioridade para aqueles que o recebem h\u00e1 dois anos ou mais \u2013 e da aposentadoria por invalidez menos de 60 anos e recebem o benef\u00edcio h\u00e1 mais de dois anos, com exce\u00e7\u00e3o daqueles com mais de 55 anos que recebem h\u00e1 mais de 15 anos.<\/p>\n<p>Para acelerar as per\u00edcias, o MDS mudou a forma de remunera\u00e7\u00e3o dos peritos, que ganham um b\u00f4nus para as per\u00edcias de revis\u00e3o de benef\u00edcios. A contagem do trabalho realizado passa a ser por produtividade e d\u00e1 mais flexibilidade ao perito para contar pontos pelas revis\u00f5es feitas.<\/p>\n<p>O minist\u00e9rio estima que 1,5 mil peritos v\u00e3o aderir ao sistema e conta que cada um realizar\u00e1 quatro per\u00edcias de revis\u00e3o por dia durante o ano. Com isso, a capacidade de atendimento chegaria a 125 mil benefici\u00e1rios por m\u00eas.<br \/>De acordo com os dados do MDS, o Instituto pagava 1,8 milh\u00e3o de aux\u00edlios-doen\u00e7a a cada m\u00eas em 2016.<\/p>\n<p>O \u00faltimo dado, de dezembro de 2017, consta que o total de benef\u00edcios pagos caiu para 1,4 milh\u00e3o de benefici\u00e1rios. A inten\u00e7\u00e3o \u00e9 fechar 2018 com 1,1 milh\u00e3o de benef\u00edcios pagos todos os meses.<\/p>\n<p>A convoca\u00e7\u00e3o dos benefici\u00e1rios \u00e9 feita por carta. Ap\u00f3s o recebimento, a pessoa tem cinco dias \u00fateis para agendar a per\u00edcia pelo telefone 135. Se n\u00e3o fizer o agendamento, ter\u00e1 o benef\u00edcio suspenso por 60 dias. Depois desse per\u00edodo, o pagamento \u00e9 cancelado. Dos 226 mil benef\u00edcios cortados at\u00e9 agora, 26 mil foram por n\u00e3o comparecimento ao exame.<\/p>\n<hr \/>\n<p>&nbsp;Fonte:&nbsp;Da reda\u00e7\u00e3o\/Colabora\u00e7\u00e3o<\/p>\n","protected":false},"excerpt":{"rendered":"<p>O governo decidiu acelerar o pente-fino nos benef\u00edcios de aux\u00edlio-doen\u00e7a e aposentadorias por invalidez do INSS. O programa lan\u00e7ado em meados de 2016 fez at\u00e9 o fim do ano passado 249,8 mil per\u00edcias e a meta \u00e9 chegar a 1,2 milh\u00f5es de revis\u00f5es neste ano.&nbsp;At\u00e9 dezembro de 2017, foram cassados 226 mil benef\u00edcios, ou 90% [&hellip;]<\/p>\n","protected":false},"author":96,"featured_media":90027,"comment_status":"closed","ping_status":"closed","sticky":false,"template":"","format":"standard","meta":{"footnotes":""},"categories":[261],"tags":[],"class_list":["post-90028","post","type-post","status-publish","format-standard","has-post-thumbnail","hentry","category-economia"],"_links":{"self":[{"href":"https:\/\/diarioregionaldigital.com.br\/index.php?rest_route=\/wp\/v2\/posts\/90028","targetHints":{"allow":["GET"]}}],"collection":[{"href":"https:\/\/diarioregionaldigital.com.br\/index.php?rest_route=\/wp\/v2\/posts"}],"about":[{"href":"https:\/\/diarioregionaldigital.com.br\/index.php?rest_route=\/wp\/v2\/types\/post"}],"author":[{"embeddable":true,"href":"https:\/\/diarioregionaldigital.com.br\/index.php?rest_route=\/wp\/v2\/users\/96"}],"replies":[{"embeddable":true,"href":"https:\/\/diarioregionaldigital.com.br\/index.php?rest_route=%2Fwp%2Fv2%2Fcomments&post=90028"}],"version-history":[{"count":0,"href":"https:\/\/diarioregionaldigital.com.br\/index.php?rest_route=\/wp\/v2\/posts\/90028\/revisions"}],"wp:featuredmedia":[{"embeddable":true,"href":"https:\/\/diarioregionaldigital.com.br\/index.php?rest_route=\/wp\/v2\/media\/90027"}],"wp:attachment":[{"href":"https:\/\/diarioregionaldigital.com.br\/index.php?rest_route=%2Fwp%2Fv2%2Fmedia&parent=90028"}],"wp:term":[{"taxonomy":"category","embeddable":true,"href":"https:\/\/diarioregionaldigital.com.br\/index.php?rest_route=%2Fwp%2Fv2%2Fcategories&post=90028"},{"taxonomy":"post_tag","embeddable":true,"href":"https:\/\/diarioregionaldigital.com.br\/index.php?rest_route=%2Fwp%2Fv2%2Ftags&post=90028"}],"curies":[{"name":"wp","href":"https:\/\/api.w.org\/{rel}","templated":true}]}}