{"id":90026,"date":"2018-01-19T18:10:38","date_gmt":"2018-01-19T20:10:38","guid":{"rendered":"http:\/\/diarioregionaljf.com.br\/2018\/01\/19\/justica-nega-pedido-de-indenizacao-de-temer-contra-joesley-batista\/"},"modified":"2018-01-19T18:10:38","modified_gmt":"2018-01-19T20:10:38","slug":"justica-nega-pedido-de-indenizacao-de-temer-contra-joesley-batista","status":"publish","type":"post","link":"https:\/\/diarioregionaldigital.com.br\/?p=90026","title":{"rendered":"Justi\u00e7a nega pedido de indeniza\u00e7\u00e3o de Temer contra Joesley Batista"},"content":{"rendered":"<p>A Justi\u00e7a do Distrito Federal rejeitou a\u00e7\u00e3o protocolada pela defesa do presidente Michel Temer contra o empres\u00e1rio Joesley Batista, dono da JBS. A a\u00e7\u00e3o foi movida ap\u00f3s entrevista do empres\u00e1rio \u00e0 revista \u00c9poca, publicada em junho do ano passado, em que o Joesley diz que Temer \u00e9 \u201co chefe da quadrilha mais perigosa do Brasil\u201d.<\/p>\n<p>A defesa do presidente pediu o pagamento de R$600 mil de indeniza\u00e7\u00e3o por danos morais por entender que o empres\u00e1rio mentiu e usou express\u00f5es \u201cabsolutamente difamat\u00f3rias, caluniosas e injuriantes\u201d durante a entrevista.<\/p>\n<p>Na decis\u00e3o, tomada no \u00faltimo dia 12, o juiz Jaider Ramos de Ara\u00fajo, da 10\u00aa Vara C\u00edvel do Distrito Federal, argumentou que a publica\u00e7\u00e3o da reportagem ocorreu ap\u00f3s a queda do sigilo das dela\u00e7\u00f5es da JBS, n\u00e3o podendo ser considerado que a entrevista teve o prop\u00f3sito de denegrir a imagem de Temer.<\/p>\n<p>\u201cImportante destacar, tamb\u00e9m, que a entrevista publicada na revista apresenta narrativa clara e objetiva, sem a utiliza\u00e7\u00e3o de adjetiva\u00e7\u00f5es pejorativas ou discriminat\u00f3rias de natureza pessoal que revelem o desejo de ofender a honra do autor\u201d, decidiu o juiz.<\/p>\n<p>Joesley Batista est\u00e1 preso desde setembro do ano passado. A pris\u00e3o por tempo indeterminado foi requerida pelo ex-procurador-geral da Rep\u00fablica, Rodrigo Janot, ap\u00f3s a anula\u00e7\u00e3o da imunidade penal que foi concedida ao empres\u00e1rio. O procurador concluiu que Joesley omitiu informa\u00e7\u00f5es da Procuradoria-Geral da Rep\u00fablica (PGR) durante o processo de assinatura do acordo de dela\u00e7\u00e3o premiada<\/p>\n<p>Fonte: Ag\u00eancia Brasil<\/p>\n","protected":false},"excerpt":{"rendered":"<p>A Justi\u00e7a do Distrito Federal rejeitou a\u00e7\u00e3o protocolada pela defesa do presidente Michel Temer contra o empres\u00e1rio Joesley Batista, dono da JBS. A a\u00e7\u00e3o foi movida ap\u00f3s entrevista do empres\u00e1rio \u00e0 revista \u00c9poca, publicada em junho do ano passado, em que o Joesley diz que Temer \u00e9 \u201co chefe da quadrilha mais perigosa do Brasil\u201d. [&hellip;]<\/p>\n","protected":false},"author":96,"featured_media":90025,"comment_status":"closed","ping_status":"closed","sticky":false,"template":"","format":"standard","meta":{"footnotes":""},"categories":[254],"tags":[],"class_list":["post-90026","post","type-post","status-publish","format-standard","has-post-thumbnail","hentry","category-politica"],"_links":{"self":[{"href":"https:\/\/diarioregionaldigital.com.br\/index.php?rest_route=\/wp\/v2\/posts\/90026","targetHints":{"allow":["GET"]}}],"collection":[{"href":"https:\/\/diarioregionaldigital.com.br\/index.php?rest_route=\/wp\/v2\/posts"}],"about":[{"href":"https:\/\/diarioregionaldigital.com.br\/index.php?rest_route=\/wp\/v2\/types\/post"}],"author":[{"embeddable":true,"href":"https:\/\/diarioregionaldigital.com.br\/index.php?rest_route=\/wp\/v2\/users\/96"}],"replies":[{"embeddable":true,"href":"https:\/\/diarioregionaldigital.com.br\/index.php?rest_route=%2Fwp%2Fv2%2Fcomments&post=90026"}],"version-history":[{"count":0,"href":"https:\/\/diarioregionaldigital.com.br\/index.php?rest_route=\/wp\/v2\/posts\/90026\/revisions"}],"wp:featuredmedia":[{"embeddable":true,"href":"https:\/\/diarioregionaldigital.com.br\/index.php?rest_route=\/wp\/v2\/media\/90025"}],"wp:attachment":[{"href":"https:\/\/diarioregionaldigital.com.br\/index.php?rest_route=%2Fwp%2Fv2%2Fmedia&parent=90026"}],"wp:term":[{"taxonomy":"category","embeddable":true,"href":"https:\/\/diarioregionaldigital.com.br\/index.php?rest_route=%2Fwp%2Fv2%2Fcategories&post=90026"},{"taxonomy":"post_tag","embeddable":true,"href":"https:\/\/diarioregionaldigital.com.br\/index.php?rest_route=%2Fwp%2Fv2%2Ftags&post=90026"}],"curies":[{"name":"wp","href":"https:\/\/api.w.org\/{rel}","templated":true}]}}