{"id":90022,"date":"2018-01-19T18:04:05","date_gmt":"2018-01-19T20:04:05","guid":{"rendered":"http:\/\/diarioregionaljf.com.br\/2018\/01\/19\/acordo-entre-sebrae-e-bndes-recebe-apoio-do-ministerio-do-trabalho\/"},"modified":"2018-01-19T18:04:05","modified_gmt":"2018-01-19T20:04:05","slug":"acordo-entre-sebrae-e-bndes-recebe-apoio-do-ministerio-do-trabalho","status":"publish","type":"post","link":"https:\/\/diarioregionaldigital.com.br\/?p=90022","title":{"rendered":"Acordo entre Sebrae e BNDES recebe apoio do Minist\u00e9rio do Trabalho"},"content":{"rendered":"<p>\u201cDestravar para melhor empreender e melhor empregar\u201d. Essa foi a mensagem do ministro do Trabalho em exerc\u00edcio, Helton Yomura, dirigida aos participantes da cerim\u00f4nia de assinatura do Acordo de Coopera\u00e7\u00e3o T\u00e9cnica entre o Servi\u00e7o Brasileiro de Apoio \u00e0s Micro e Pequenas Empresas (Sebrae) e o Banco Nacional de Desenvolvimento Econ\u00f4mico e Social (BNDES), em Bras\u00edlia.<\/p>\n<p>A parceria tem como objetivo viabilizar a\u00e7\u00f5es de apoio t\u00e9cnico para acesso a financiamentos aos pequenos neg\u00f3cios.<\/p>\n<p>Yomura destacou que a pasta ap\u00f3ia iniciativas que tenham como vi\u00e9s o est\u00edmulo \u00e0 retomada do crescimento econ\u00f4mico e, consequentemente, a gera\u00e7\u00e3o de empregos no Brasil. \u201cTodas as modalidades de ocupa\u00e7\u00e3o s\u00e3o bem vistas pelo Minist\u00e9rio. Nosso prop\u00f3sito \u00e9 trazer o trabalhador para a formalidade, e o empreendedorismo cumpre esse papel\u201d, salientou.<\/p>\n<p>Ele refor\u00e7ou que o Minist\u00e9rio do Trabalho tem atuado com ferramentas importantes para motivar o crescimento da atividade empreendedora. \u201cLan\u00e7amos na semana passada o eSocial para empresas, com o intuito de promover a desburocratiza\u00e7\u00e3o, facilitando o dia a dia do empregador. Isso ser\u00e1 motivo de muito empreendedorismo\u201d. Yomura tamb\u00e9m mencionou outras ferramentas de apoio ao empregador, a exemplo da Carteira de Trabalho digital.<\/p>\n<h4>Sobre o acordo<\/h4>\n<p>Uma pesquisa realizada pelo Sebrae em 2017 constatou que apenas 21% dos pequenos neg\u00f3cios utilizam linhas de cr\u00e9dito do BNDES. O estudo apontou que as microempresas s\u00e3o as que menos conhecem as solu\u00e7\u00f5es do banco. A partir da\u00ed, as entidades celebraram acordo centrado na concess\u00e3o de cr\u00e9dito orientado.<\/p>\n<p>A estimativa \u00e9 de que os financiamentos do BNDES \u00e0s micro e pequenas empresas cheguem a R$6 bilh\u00f5es. \u201cO cr\u00e9dito \u00e9 o combust\u00edvel para as micros e pequenas empresas. Essa a\u00e7\u00e3o cooperacional j\u00e1 est\u00e1 em andamento para benefici\u00e1-las\u201d, enfatizou o presidente do Sebrae Nacional, Guilherme Afif Domingos.<\/p>\n<p>A solenidade de assinatura do acordo contou ainda com a presen\u00e7a do ministro interino do Minist\u00e9rio da Ind\u00fastria, Com\u00e9rcio Exterior e Servi\u00e7os (MDIC), Marcos Jorge de Lima, e do diretor do BNDES Ricardo Luiz de Souza Ramos.<\/p>\n<hr \/>\n<p>&nbsp;Fonte: Portal Brasil<\/p>\n","protected":false},"excerpt":{"rendered":"<p>\u201cDestravar para melhor empreender e melhor empregar\u201d. Essa foi a mensagem do ministro do Trabalho em exerc\u00edcio, Helton Yomura, dirigida aos participantes da cerim\u00f4nia de assinatura do Acordo de Coopera\u00e7\u00e3o T\u00e9cnica entre o Servi\u00e7o Brasileiro de Apoio \u00e0s Micro e Pequenas Empresas (Sebrae) e o Banco Nacional de Desenvolvimento Econ\u00f4mico e Social (BNDES), em Bras\u00edlia. [&hellip;]<\/p>\n","protected":false},"author":96,"featured_media":90021,"comment_status":"closed","ping_status":"closed","sticky":false,"template":"","format":"standard","meta":{"footnotes":""},"categories":[261],"tags":[],"class_list":["post-90022","post","type-post","status-publish","format-standard","has-post-thumbnail","hentry","category-economia"],"_links":{"self":[{"href":"https:\/\/diarioregionaldigital.com.br\/index.php?rest_route=\/wp\/v2\/posts\/90022","targetHints":{"allow":["GET"]}}],"collection":[{"href":"https:\/\/diarioregionaldigital.com.br\/index.php?rest_route=\/wp\/v2\/posts"}],"about":[{"href":"https:\/\/diarioregionaldigital.com.br\/index.php?rest_route=\/wp\/v2\/types\/post"}],"author":[{"embeddable":true,"href":"https:\/\/diarioregionaldigital.com.br\/index.php?rest_route=\/wp\/v2\/users\/96"}],"replies":[{"embeddable":true,"href":"https:\/\/diarioregionaldigital.com.br\/index.php?rest_route=%2Fwp%2Fv2%2Fcomments&post=90022"}],"version-history":[{"count":0,"href":"https:\/\/diarioregionaldigital.com.br\/index.php?rest_route=\/wp\/v2\/posts\/90022\/revisions"}],"wp:featuredmedia":[{"embeddable":true,"href":"https:\/\/diarioregionaldigital.com.br\/index.php?rest_route=\/wp\/v2\/media\/90021"}],"wp:attachment":[{"href":"https:\/\/diarioregionaldigital.com.br\/index.php?rest_route=%2Fwp%2Fv2%2Fmedia&parent=90022"}],"wp:term":[{"taxonomy":"category","embeddable":true,"href":"https:\/\/diarioregionaldigital.com.br\/index.php?rest_route=%2Fwp%2Fv2%2Fcategories&post=90022"},{"taxonomy":"post_tag","embeddable":true,"href":"https:\/\/diarioregionaldigital.com.br\/index.php?rest_route=%2Fwp%2Fv2%2Ftags&post=90022"}],"curies":[{"name":"wp","href":"https:\/\/api.w.org\/{rel}","templated":true}]}}