{"id":90020,"date":"2018-01-19T18:01:00","date_gmt":"2018-01-19T20:01:00","guid":{"rendered":"http:\/\/diarioregionaljf.com.br\/2018\/01\/19\/acao-rapida-da-pm-frustra-assalto-a-joalheria-no-centro-de-barbacena\/"},"modified":"2018-01-19T18:01:00","modified_gmt":"2018-01-19T20:01:00","slug":"acao-rapida-da-pm-frustra-assalto-a-joalheria-no-centro-de-barbacena","status":"publish","type":"post","link":"https:\/\/diarioregionaldigital.com.br\/?p=90020","title":{"rendered":"A\u00e7\u00e3o r\u00e1pida da PM frustra assalto a joalheria no centro de Barbacena"},"content":{"rendered":"<p>Na manh\u00e3 desta sexta-feira, 19, a Pol\u00edcia Militar (PM) de Barbacena (a cerca de 110 Km de Juiz de Fora) frustrou uma tentativa de assalto a uma relojoaria no Centro da cidade. Quatro assaltantes foram detidos.<\/p>\n<p>Ap\u00f3s receberem a liga\u00e7\u00e3o de uma funcion\u00e1ria do estabelecimento, comunicando o roubo, militares do Grupamento de Motos Especializado em Preven\u00e7\u00e3o Ostensiva R\u00e1pida (GEPMOR) se dirigiram ao local, onde prenderam dois homens em flagrante. Com eles, foi apreendida uma arma de fogo. Os policiais ainda apreenderam um ve\u00edculo, utilizado pelos autores para chegarem \u00e0 cidade.<\/p>\n<p>Atrav\u00e9s de imagens das c\u00e2meras do ped\u00e1gio, foi constatado que um t\u00e1xi branco servia de apoio aos assaltantes. Foi acionado cerco bloqueio policial em Conselheiro Lafaiete, onde mais dois envolvidos foram presos. Os quatro detidos s\u00e3o da regi\u00e3o metropolitana de Belo Horizonte.<\/p>\n<p>&nbsp;<\/p>\n<p>Da reda\u00e7\u00e3o\/Portal BarbacenaMais<\/p>\n","protected":false},"excerpt":{"rendered":"<p>Na manh\u00e3 desta sexta-feira, 19, a Pol\u00edcia Militar (PM) de Barbacena (a cerca de 110 Km de Juiz de Fora) frustrou uma tentativa de assalto a uma relojoaria no Centro da cidade. Quatro assaltantes foram detidos. Ap\u00f3s receberem a liga\u00e7\u00e3o de uma funcion\u00e1ria do estabelecimento, comunicando o roubo, militares do Grupamento de Motos Especializado em [&hellip;]<\/p>\n","protected":false},"author":96,"featured_media":90019,"comment_status":"closed","ping_status":"closed","sticky":false,"template":"","format":"standard","meta":{"footnotes":""},"categories":[252],"tags":[],"class_list":["post-90020","post","type-post","status-publish","format-standard","has-post-thumbnail","hentry","category-regiao"],"_links":{"self":[{"href":"https:\/\/diarioregionaldigital.com.br\/index.php?rest_route=\/wp\/v2\/posts\/90020","targetHints":{"allow":["GET"]}}],"collection":[{"href":"https:\/\/diarioregionaldigital.com.br\/index.php?rest_route=\/wp\/v2\/posts"}],"about":[{"href":"https:\/\/diarioregionaldigital.com.br\/index.php?rest_route=\/wp\/v2\/types\/post"}],"author":[{"embeddable":true,"href":"https:\/\/diarioregionaldigital.com.br\/index.php?rest_route=\/wp\/v2\/users\/96"}],"replies":[{"embeddable":true,"href":"https:\/\/diarioregionaldigital.com.br\/index.php?rest_route=%2Fwp%2Fv2%2Fcomments&post=90020"}],"version-history":[{"count":0,"href":"https:\/\/diarioregionaldigital.com.br\/index.php?rest_route=\/wp\/v2\/posts\/90020\/revisions"}],"wp:featuredmedia":[{"embeddable":true,"href":"https:\/\/diarioregionaldigital.com.br\/index.php?rest_route=\/wp\/v2\/media\/90019"}],"wp:attachment":[{"href":"https:\/\/diarioregionaldigital.com.br\/index.php?rest_route=%2Fwp%2Fv2%2Fmedia&parent=90020"}],"wp:term":[{"taxonomy":"category","embeddable":true,"href":"https:\/\/diarioregionaldigital.com.br\/index.php?rest_route=%2Fwp%2Fv2%2Fcategories&post=90020"},{"taxonomy":"post_tag","embeddable":true,"href":"https:\/\/diarioregionaldigital.com.br\/index.php?rest_route=%2Fwp%2Fv2%2Ftags&post=90020"}],"curies":[{"name":"wp","href":"https:\/\/api.w.org\/{rel}","templated":true}]}}