{"id":90018,"date":"2018-01-19T17:57:48","date_gmt":"2018-01-19T19:57:48","guid":{"rendered":"http:\/\/diarioregionaljf.com.br\/2018\/01\/19\/temer-defende-reforma-da-previdencia-no-programa-silvio-santos\/"},"modified":"2018-01-19T17:57:48","modified_gmt":"2018-01-19T19:57:48","slug":"temer-defende-reforma-da-previdencia-no-programa-silvio-santos","status":"publish","type":"post","link":"https:\/\/diarioregionaldigital.com.br\/?p=90018","title":{"rendered":"Temer defende reforma da Previd\u00eancia no Programa Silvio Santos"},"content":{"rendered":"<p>O presidente Michel Temer gravou, na tarde dessa quinta-feira, 18, uma participa\u00e7\u00e3o no programa do empres\u00e1rio e apresentador Silvio Santos. No programa, Temer defendeu a reforma da Previd\u00eancia, em mais um esfor\u00e7o pela populariza\u00e7\u00e3o da ideia e sua aprova\u00e7\u00e3o na C\u00e2mara dos Deputados. Pelo Twitter, Temer comentou sua participa\u00e7\u00e3o, reafirmando que a reforma combate privil\u00e9gios.<\/p>\n<p>\u201cFoi uma honra e uma alegria participar do programa do Silvio Santos, no SBT. Tive a oportunidade \u00fanica de explicar a import\u00e2ncia de uma reforma da Previd\u00eancia mais justa para todos e que combata os privil\u00e9gios\u201d, disse o presidente. Em seu perfil na rede social, o presidente publicou uma foto dele no palco, junto com o apresentador.<\/p>\n<p>A participa\u00e7\u00e3o de Temer no programa foi acertada na semana passada, quando os dois se encontraram em S\u00e3o Paulo. O ministro da Secretaria-Geral da Presid\u00eancia, Moreira Franco, tamb\u00e9m esteve no encontro e, via Twitter, afirmou que Temer havia conquistado \u201cum aliado de peso\u201d para a reforma da Previd\u00eancia. Ainda n\u00e3o h\u00e1 data definida para o programa com a participa\u00e7\u00e3o de Temer ir ao ar.<\/p>\n<p>Fonte: Ag\u00eancia Brasil<\/p>\n","protected":false},"excerpt":{"rendered":"<p>O presidente Michel Temer gravou, na tarde dessa quinta-feira, 18, uma participa\u00e7\u00e3o no programa do empres\u00e1rio e apresentador Silvio Santos. No programa, Temer defendeu a reforma da Previd\u00eancia, em mais um esfor\u00e7o pela populariza\u00e7\u00e3o da ideia e sua aprova\u00e7\u00e3o na C\u00e2mara dos Deputados. Pelo Twitter, Temer comentou sua participa\u00e7\u00e3o, reafirmando que a reforma combate privil\u00e9gios. [&hellip;]<\/p>\n","protected":false},"author":96,"featured_media":90017,"comment_status":"closed","ping_status":"closed","sticky":false,"template":"","format":"standard","meta":{"footnotes":""},"categories":[254],"tags":[],"class_list":["post-90018","post","type-post","status-publish","format-standard","has-post-thumbnail","hentry","category-politica"],"_links":{"self":[{"href":"https:\/\/diarioregionaldigital.com.br\/index.php?rest_route=\/wp\/v2\/posts\/90018","targetHints":{"allow":["GET"]}}],"collection":[{"href":"https:\/\/diarioregionaldigital.com.br\/index.php?rest_route=\/wp\/v2\/posts"}],"about":[{"href":"https:\/\/diarioregionaldigital.com.br\/index.php?rest_route=\/wp\/v2\/types\/post"}],"author":[{"embeddable":true,"href":"https:\/\/diarioregionaldigital.com.br\/index.php?rest_route=\/wp\/v2\/users\/96"}],"replies":[{"embeddable":true,"href":"https:\/\/diarioregionaldigital.com.br\/index.php?rest_route=%2Fwp%2Fv2%2Fcomments&post=90018"}],"version-history":[{"count":0,"href":"https:\/\/diarioregionaldigital.com.br\/index.php?rest_route=\/wp\/v2\/posts\/90018\/revisions"}],"wp:featuredmedia":[{"embeddable":true,"href":"https:\/\/diarioregionaldigital.com.br\/index.php?rest_route=\/wp\/v2\/media\/90017"}],"wp:attachment":[{"href":"https:\/\/diarioregionaldigital.com.br\/index.php?rest_route=%2Fwp%2Fv2%2Fmedia&parent=90018"}],"wp:term":[{"taxonomy":"category","embeddable":true,"href":"https:\/\/diarioregionaldigital.com.br\/index.php?rest_route=%2Fwp%2Fv2%2Fcategories&post=90018"},{"taxonomy":"post_tag","embeddable":true,"href":"https:\/\/diarioregionaldigital.com.br\/index.php?rest_route=%2Fwp%2Fv2%2Ftags&post=90018"}],"curies":[{"name":"wp","href":"https:\/\/api.w.org\/{rel}","templated":true}]}}