{"id":90016,"date":"2018-01-19T17:55:34","date_gmt":"2018-01-19T19:55:34","guid":{"rendered":"http:\/\/diarioregionaljf.com.br\/2018\/01\/19\/settra-disponibiliza-onibus-extras-para-o-jogo-entre-tupi-e-uberlandia\/"},"modified":"2018-01-19T17:55:34","modified_gmt":"2018-01-19T19:55:34","slug":"settra-disponibiliza-onibus-extras-para-o-jogo-entre-tupi-e-uberlandia","status":"publish","type":"post","link":"https:\/\/diarioregionaldigital.com.br\/?p=90016","title":{"rendered":"Settra disponibiliza \u00f4nibus extras  para o jogo entre Tupi e Uberl\u00e2ndia"},"content":{"rendered":"<p>A Secretaria de Transporte e Tr\u00e2nsito (Settra) da Prefeitura de Juiz de Fora (PJF) disponibilizar\u00e1, neste s\u00e1bado, 20, \u00f4nibus extras para o jogo entre Tupi e Uberl\u00e2ndia. A partir das 15 horas, os carros da linha 517 (Est\u00e1dio) sair\u00e3o da Avenida Presidente Itamar Franco, em frente \u00e0 Ag\u00eancia de Prote\u00e7\u00e3o e Defesa do Consumidor (Procon). Ser\u00e1 permitido embarque ao longo do trajeto, e ser\u00e1 cobrada tarifa normal, de R$3,10. O jogo ser\u00e1 \u00e0s 17horas, no Est\u00e1dio Municipal \u201cRadialista M\u00e1rio Hel\u00eanio\u201d.<\/p>\n<p> O trajeto da linha 517- Est\u00e1dio, no sentido Centro\/bairro, ser\u00e1 pelas avenidas Presidente Itamar Franco, Eug\u00eanio do Nascimento, Est\u00e1dio Municipal. Na volta, o percurso come\u00e7a no Est\u00e1dio Municipal e segue pelas avenidas Eug\u00eanio do Nascimento, Presidente Itamar Franco, ruas Doutor Paulo de Frontin, Halfeld, avenidas Presidente Get\u00falio Vargas e Presidente Itamar Franco.<\/p>\n<p>Fonte: Assessoria da Secretaria de Transporte e Tr\u00e2nsito<\/p>\n<p>&nbsp;<\/p>\n","protected":false},"excerpt":{"rendered":"<p>A Secretaria de Transporte e Tr\u00e2nsito (Settra) da Prefeitura de Juiz de Fora (PJF) disponibilizar\u00e1, neste s\u00e1bado, 20, \u00f4nibus extras para o jogo entre Tupi e Uberl\u00e2ndia. A partir das 15 horas, os carros da linha 517 (Est\u00e1dio) sair\u00e3o da Avenida Presidente Itamar Franco, em frente \u00e0 Ag\u00eancia de Prote\u00e7\u00e3o e Defesa do Consumidor (Procon). [&hellip;]<\/p>\n","protected":false},"author":96,"featured_media":90015,"comment_status":"closed","ping_status":"closed","sticky":false,"template":"","format":"standard","meta":{"footnotes":""},"categories":[257],"tags":[],"class_list":["post-90016","post","type-post","status-publish","format-standard","has-post-thumbnail","hentry","category-esporte"],"_links":{"self":[{"href":"https:\/\/diarioregionaldigital.com.br\/index.php?rest_route=\/wp\/v2\/posts\/90016","targetHints":{"allow":["GET"]}}],"collection":[{"href":"https:\/\/diarioregionaldigital.com.br\/index.php?rest_route=\/wp\/v2\/posts"}],"about":[{"href":"https:\/\/diarioregionaldigital.com.br\/index.php?rest_route=\/wp\/v2\/types\/post"}],"author":[{"embeddable":true,"href":"https:\/\/diarioregionaldigital.com.br\/index.php?rest_route=\/wp\/v2\/users\/96"}],"replies":[{"embeddable":true,"href":"https:\/\/diarioregionaldigital.com.br\/index.php?rest_route=%2Fwp%2Fv2%2Fcomments&post=90016"}],"version-history":[{"count":0,"href":"https:\/\/diarioregionaldigital.com.br\/index.php?rest_route=\/wp\/v2\/posts\/90016\/revisions"}],"wp:featuredmedia":[{"embeddable":true,"href":"https:\/\/diarioregionaldigital.com.br\/index.php?rest_route=\/wp\/v2\/media\/90015"}],"wp:attachment":[{"href":"https:\/\/diarioregionaldigital.com.br\/index.php?rest_route=%2Fwp%2Fv2%2Fmedia&parent=90016"}],"wp:term":[{"taxonomy":"category","embeddable":true,"href":"https:\/\/diarioregionaldigital.com.br\/index.php?rest_route=%2Fwp%2Fv2%2Fcategories&post=90016"},{"taxonomy":"post_tag","embeddable":true,"href":"https:\/\/diarioregionaldigital.com.br\/index.php?rest_route=%2Fwp%2Fv2%2Ftags&post=90016"}],"curies":[{"name":"wp","href":"https:\/\/api.w.org\/{rel}","templated":true}]}}