{"id":90014,"date":"2018-01-19T17:47:06","date_gmt":"2018-01-19T19:47:06","guid":{"rendered":"http:\/\/diarioregionaljf.com.br\/2018\/01\/19\/vistoria-do-transporte-escolar-comeca-na-proxima-semana\/"},"modified":"2018-01-19T17:47:06","modified_gmt":"2018-01-19T19:47:06","slug":"vistoria-do-transporte-escolar-comeca-na-proxima-semana","status":"publish","type":"post","link":"https:\/\/diarioregionaldigital.com.br\/?p=90014","title":{"rendered":"Vistoria do transporte escolar come\u00e7a na pr\u00f3xima semana"},"content":{"rendered":"<p>Na segunda-feira, 22, a Secretaria de Transporte e Tr\u00e2nsito (Settra) inicia a vistoria semestral do transporte escolar, que ser\u00e1 realizada at\u00e9 9 de fevereiro. A inspe\u00e7\u00e3o ocorrer\u00e1 atrav\u00e9s de agendamento pr\u00e9vio, pelo n\u00famero do Cart\u00e3o de Identifica\u00e7\u00e3o Veicular (CIV), para agilizar o processo. O atendimento ser\u00e1 das 8h30 \u00e0s 11h30 e das 14h30 \u00e0s 17h, no Terminal Rodovi\u00e1rio Miguel Mansur, situado Rua Coronel Vidal, n\u00ba1.780, ao lado do posto do Detran. Mais de 300 ve\u00edculos dever\u00e3o passar pela vistoria, que \u00e9 obrigat\u00f3ria para renova\u00e7\u00e3o do CIV, documento necess\u00e1rio para exercer a atividade regularmente.<\/p>\n<p>Os propriet\u00e1rios de transporte escolar que n\u00e3o renovarem o alvar\u00e1 ou que descumprirem o prazo determinado para a realiza\u00e7\u00e3o da vistoria ser\u00e3o autuados em R$54,78. Caso sejam flagrados trabalhando sem a renova\u00e7\u00e3o, a puni\u00e7\u00e3o \u00e9 maior, e o servi\u00e7o \u00e9 enquadrado como transporte irregular, podendo sofrer multa de R$3.299. Al\u00e9m disso, o carro \u00e9 apreendido, o CIV \u00e9 recolhido, podendo tamb\u00e9m ser extinta a permiss\u00e3o. Em caso de reincid\u00eancia, o valor da multa \u00e9 dobrado: R$6.598 na primeira e R$13.196 na segunda.<\/p>\n<p>Durante a inspe\u00e7\u00e3o, s\u00e3o verificados itens como a programa\u00e7\u00e3o visual, o estado da lataria, pneus, sistema de dire\u00e7\u00e3o, escapamento, amortecedores, sistema el\u00e9trico, equipamentos obrigat\u00f3rios \u2013 como extintor, tri\u00e2ngulo, cinto de seguran\u00e7a, limitador de janela, GPS, entre outros. A an\u00e1lise das condi\u00e7\u00f5es internas do ve\u00edculo inclui elementos como trava de seguran\u00e7a na porta, estofamento, limpeza, condi\u00e7\u00e3o e exist\u00eancia de lixeira e tac\u00f3grafo, que deve estar lacrado.<\/p>\n<p>A import\u00e2ncia da vistoria passa, principalmente, pela quest\u00e3o da seguran\u00e7a dos transportados, sendo uma forma de garantir que os ve\u00edculos que realizam o transporte escolar na cidade estejam aptos a prestar o servi\u00e7o. A popula\u00e7\u00e3o tamb\u00e9m pode ajudar na fiscaliza\u00e7\u00e3o, quando verificar algum ve\u00edculo efetuando o transporte de forma irregular. O contato \u00e9 pelo telefone 3690-8218 ou pelo endere\u00e7o eletr\u00f4nico settraatende@pjf.mg.gov.br. \u00c9 importante informar o hor\u00e1rio, dia e a placa do ve\u00edculo.<\/p>\n<p>&nbsp;<\/p>\n<h4>PERMISSION\u00c1RIOS DEVEM APRESENTAR DOCUMENTA\u00c7\u00c3O ANTES DA VISTORIA<\/h4>\n<p>Para realizar a vistoria, os permission\u00e1rios precisam recadastrar a permiss\u00e3o e entregar a documenta\u00e7\u00e3o exigida, que pode ser conferida na p\u00e1gina dedicada ao transporte escolar no portal da PJF, no Espa\u00e7o Cidad\u00e3o ou nas regionais. Dez dias ap\u00f3s, devem se apresentar na Settra (Rua Maria Perp\u00e9tua, 72, 5\u00ba andar, no Bairro Ladeira), munidos do cart\u00e3o de identifica\u00e7\u00e3o veicular (CIV) de 2017, para pegar o laudo da vistoria e o CIV de 2018.<\/p>\n<p>A lista de agendamento para vistoria dos ve\u00edculos tamb\u00e9m pode ser acessada <a href=\"https:\/\/www.pjf.mg.gov.br\/secretarias\/settra\/servicos\/transporte_escolar\/\">no portal da PJF<\/a>. No link, \u00e9 poss\u00edvel, tamb\u00e9m, acessar os documentos necess\u00e1rios para o processo.<\/p>\n<p>Neste mesmo endere\u00e7o, os usu\u00e1rios do servi\u00e7o podem verificar a listagem dos ve\u00edculos regularizados, bem como local e hor\u00e1rio atendidos.<\/p>\n<p>Fonte: Assessoria<\/p>\n","protected":false},"excerpt":{"rendered":"<p>Na segunda-feira, 22, a Secretaria de Transporte e Tr\u00e2nsito (Settra) inicia a vistoria semestral do transporte escolar, que ser\u00e1 realizada at\u00e9 9 de fevereiro. A inspe\u00e7\u00e3o ocorrer\u00e1 atrav\u00e9s de agendamento pr\u00e9vio, pelo n\u00famero do Cart\u00e3o de Identifica\u00e7\u00e3o Veicular (CIV), para agilizar o processo. O atendimento ser\u00e1 das 8h30 \u00e0s 11h30 e das 14h30 \u00e0s 17h, [&hellip;]<\/p>\n","protected":false},"author":96,"featured_media":90013,"comment_status":"closed","ping_status":"closed","sticky":false,"template":"","format":"standard","meta":{"footnotes":""},"categories":[253],"tags":[],"class_list":["post-90014","post","type-post","status-publish","format-standard","has-post-thumbnail","hentry","category-cidade"],"_links":{"self":[{"href":"https:\/\/diarioregionaldigital.com.br\/index.php?rest_route=\/wp\/v2\/posts\/90014","targetHints":{"allow":["GET"]}}],"collection":[{"href":"https:\/\/diarioregionaldigital.com.br\/index.php?rest_route=\/wp\/v2\/posts"}],"about":[{"href":"https:\/\/diarioregionaldigital.com.br\/index.php?rest_route=\/wp\/v2\/types\/post"}],"author":[{"embeddable":true,"href":"https:\/\/diarioregionaldigital.com.br\/index.php?rest_route=\/wp\/v2\/users\/96"}],"replies":[{"embeddable":true,"href":"https:\/\/diarioregionaldigital.com.br\/index.php?rest_route=%2Fwp%2Fv2%2Fcomments&post=90014"}],"version-history":[{"count":0,"href":"https:\/\/diarioregionaldigital.com.br\/index.php?rest_route=\/wp\/v2\/posts\/90014\/revisions"}],"wp:featuredmedia":[{"embeddable":true,"href":"https:\/\/diarioregionaldigital.com.br\/index.php?rest_route=\/wp\/v2\/media\/90013"}],"wp:attachment":[{"href":"https:\/\/diarioregionaldigital.com.br\/index.php?rest_route=%2Fwp%2Fv2%2Fmedia&parent=90014"}],"wp:term":[{"taxonomy":"category","embeddable":true,"href":"https:\/\/diarioregionaldigital.com.br\/index.php?rest_route=%2Fwp%2Fv2%2Fcategories&post=90014"},{"taxonomy":"post_tag","embeddable":true,"href":"https:\/\/diarioregionaldigital.com.br\/index.php?rest_route=%2Fwp%2Fv2%2Ftags&post=90014"}],"curies":[{"name":"wp","href":"https:\/\/api.w.org\/{rel}","templated":true}]}}