{"id":90012,"date":"2018-01-19T17:41:26","date_gmt":"2018-01-19T19:41:26","guid":{"rendered":"http:\/\/diarioregionaljf.com.br\/2018\/01\/19\/pc-encontra-celular-de-advogado-assassinado-no-parque-das-torres\/"},"modified":"2018-01-19T17:41:26","modified_gmt":"2018-01-19T19:41:26","slug":"pc-encontra-celular-de-advogado-assassinado-no-parque-das-torres","status":"publish","type":"post","link":"https:\/\/diarioregionaldigital.com.br\/?p=90012","title":{"rendered":"PC encontra celular de advogado assassinado no Parque das Torres"},"content":{"rendered":"<p>Ap\u00f3s dilig\u00eancias, a Pol\u00edcia Civil (PC) localizou, na tarde dessa quinta-feira, 18, o telefone celular do <a href=\"cidade\/23210-advogado-e-assassinado-com-golpes-de-machado-e-crime-pode-ter-sido-motivado-por-divida-de-honorarios\" target=\"_blank\" rel=\"noopener noreferrer\">advogado de 75 anos morto com golpes de tijolo e pedras no bairro Parque das Torres<\/a>, zona Norte, no in\u00edcio de janeiro.<\/p>\n<p>De acordo com o delegado Luciano Vidal, respons\u00e1vel pelo caso, o aparelho teria sido vendido pelos<a href=\"policial\/23242-pm-prende-suspeito-do-homicidio-de-advogado-ao-tentar-fugir-da-cidade\" target=\"_blank\" rel=\"noopener noreferrer\"> autores do homic\u00eddio<\/a> para outra pessoa.<\/p>\n<p>As investiga\u00e7\u00f5es sobre o crime e a busca pelo corpo do advogado, que foi jogado no Rio Paraibuna, prosseguem.<\/p>\n","protected":false},"excerpt":{"rendered":"<p>Ap\u00f3s dilig\u00eancias, a Pol\u00edcia Civil (PC) localizou, na tarde dessa quinta-feira, 18, o telefone celular do advogado de 75 anos morto com golpes de tijolo e pedras no bairro Parque das Torres, zona Norte, no in\u00edcio de janeiro. De acordo com o delegado Luciano Vidal, respons\u00e1vel pelo caso, o aparelho teria sido vendido pelos autores [&hellip;]<\/p>\n","protected":false},"author":96,"featured_media":90011,"comment_status":"closed","ping_status":"closed","sticky":false,"template":"","format":"standard","meta":{"footnotes":""},"categories":[253],"tags":[],"class_list":["post-90012","post","type-post","status-publish","format-standard","has-post-thumbnail","hentry","category-cidade"],"_links":{"self":[{"href":"https:\/\/diarioregionaldigital.com.br\/index.php?rest_route=\/wp\/v2\/posts\/90012","targetHints":{"allow":["GET"]}}],"collection":[{"href":"https:\/\/diarioregionaldigital.com.br\/index.php?rest_route=\/wp\/v2\/posts"}],"about":[{"href":"https:\/\/diarioregionaldigital.com.br\/index.php?rest_route=\/wp\/v2\/types\/post"}],"author":[{"embeddable":true,"href":"https:\/\/diarioregionaldigital.com.br\/index.php?rest_route=\/wp\/v2\/users\/96"}],"replies":[{"embeddable":true,"href":"https:\/\/diarioregionaldigital.com.br\/index.php?rest_route=%2Fwp%2Fv2%2Fcomments&post=90012"}],"version-history":[{"count":0,"href":"https:\/\/diarioregionaldigital.com.br\/index.php?rest_route=\/wp\/v2\/posts\/90012\/revisions"}],"wp:featuredmedia":[{"embeddable":true,"href":"https:\/\/diarioregionaldigital.com.br\/index.php?rest_route=\/wp\/v2\/media\/90011"}],"wp:attachment":[{"href":"https:\/\/diarioregionaldigital.com.br\/index.php?rest_route=%2Fwp%2Fv2%2Fmedia&parent=90012"}],"wp:term":[{"taxonomy":"category","embeddable":true,"href":"https:\/\/diarioregionaldigital.com.br\/index.php?rest_route=%2Fwp%2Fv2%2Fcategories&post=90012"},{"taxonomy":"post_tag","embeddable":true,"href":"https:\/\/diarioregionaldigital.com.br\/index.php?rest_route=%2Fwp%2Fv2%2Ftags&post=90012"}],"curies":[{"name":"wp","href":"https:\/\/api.w.org\/{rel}","templated":true}]}}